{"id":90888,"date":"2016-04-16T11:39:46","date_gmt":"2016-04-16T08:39:46","guid":{"rendered":"http:\/\/epochtimestr.com\/?p=90888"},"modified":"2018-03-28T21:10:18","modified_gmt":"2018-03-28T18:10:18","slug":"turkiyenin-gozde-meslegi-bakkal-isletmeciligi-oldu","status":"publish","type":"post","link":"https:\/\/epochtimestr.com\/index.php\/turkiyenin-gozde-meslegi-bakkal-isletmeciligi-oldu","title":{"rendered":"T\u00fcrkiye&#8217;nin G\u00f6zde Mesle\u011fi Bakkal \u0130\u015fletmecili\u011fi Oldu"},"content":{"rendered":"<figure id=\"attachment_90889\" aria-describedby=\"caption-attachment-90889\" style=\"width: 600px\" class=\"wp-caption aligncenter\"><img loading=\"lazy\" decoding=\"async\" class=\"size-large wp-image-90889\" src=\"https:\/\/epochtimestr.com\/wp-content\/uploads\/2011y\/1615968-600x319.jpg\" alt=\"Foto\u011fraf: \u0130HA\" width=\"600\" height=\"319\" srcset=\"https:\/\/epochtimestr.com\/wp-content\/uploads\/2011y\/1615968.jpg 600w, https:\/\/epochtimestr.com\/wp-content\/uploads\/2011y\/1615968-150x80.jpg 150w, https:\/\/epochtimestr.com\/wp-content\/uploads\/2011y\/1615968-300x160.jpg 300w, https:\/\/epochtimestr.com\/wp-content\/uploads\/2011y\/1615968-292x155.jpg 292w, https:\/\/epochtimestr.com\/wp-content\/uploads\/2011y\/1615968-190x100.jpg 190w\" sizes=\"(max-width: 600px) 100vw, 600px\" \/><figcaption id=\"caption-attachment-90889\" class=\"wp-caption-text\">Foto\u011fraf: \u0130HA<\/figcaption><\/figure>\n<h2 style=\"text-align: justify;\">T\u00fcrkiye\u2019de 2015 y\u0131l\u0131n\u0131n g\u00f6zde meslekleri olan bakkal, bayi ve b\u00fcfe i\u015fletmecili\u011fi, 2016 y\u0131l\u0131n\u0131n ilk 3 ay\u0131nda yine halk\u0131n en \u00e7ok tercih etti\u011fi mesleklerin ba\u015f\u0131nda geldi.<\/h2>\n<p style=\"text-align: justify;\">Bakkall\u0131k, bayilik ve b\u00fcfecilik mesle\u011fini yapmak i\u00e7in 2016 y\u0131l\u0131 ilk 3 ay\u0131nda en fazla tescili yap\u0131lan 20 meslek i\u00e7erisinde 8 bin 048 ki\u015fi ile ilk s\u0131rada yer ald\u0131.<\/p>\n<p style=\"text-align: justify;\">T\u00fcrkiye Esnaf ve Sanatk\u00e2rlar Konfederasyonun istatistik verilerini de\u011ferlendiren TESK Genel Ba\u015fkan\u0131 Bendevi Paland\u00f6ken, \u201cBakkall\u0131k, Bayilik ve B\u00fcfecilik \u00fclkemizin g\u00f6zde mesleklerinin her zaman ba\u015f\u0131nda geliyor. 2014-2015 y\u0131llar\u0131nda lider konumda olan bakkall\u0131k mesle\u011fi 2016 y\u0131l\u0131n\u0131n da g\u00f6zde mesle\u011fi olaca\u011f\u0131n\u0131 daha y\u0131l\u0131n ilk 3 ay\u0131nda g\u00f6sterdi. 2016 y\u0131l\u0131n\u0131n ilk 3 ay\u0131nda yeni i\u015f yeri a\u00e7\u0131l\u0131\u015f tescili yapt\u0131ran 42 bin 723 ki\u015fiden 8 bin 48\u2019i bakkall\u0131k, bayilik ve b\u00fcfecilik mesle\u011fini tercih etmi\u015ftir. Halk\u0131m\u0131z mahalle esnaf ve sanatkar\u0131na sahip \u00e7\u0131kt\u0131k\u00e7a bizler hizmet etmeye, s\u00fcpermarketlerle rekabet etmeye devam edece\u011fiz \u201d dedi.<\/p>\n<p style=\"text-align: justify;\"><strong>EN TERC\u0130H ED\u0130LEN 10 MESLEK<\/strong><\/p>\n<p style=\"text-align: justify;\">2015 y\u0131l\u0131nda ra\u011fbet g\u00f6ren ilk 10 mesle\u011fin ba\u015f\u0131nda gelen bakkall\u0131\u011f\u0131n 2016 y\u0131l\u0131n ilk 3 ay\u0131nda da tercih edilen meslekler aras\u0131nda olmas\u0131n\u0131n sevindirici oldu\u011funu anlatan Paland\u00f6ken, \u201c2016 y\u0131l\u0131n\u0131n ilk 3 ay\u0131nda bakkall\u0131k, bayilik ve b\u00fcfecilik mesle\u011fini yapmak i\u00e7in 8 bin 48 ki\u015fi tescil kayd\u0131 yapt\u0131rm\u0131\u015f. Bu da 2016 y\u0131l\u0131nda da bakkall\u0131k, bayilik ve b\u00fcfecili\u011fin lider mesleklerin ba\u015f\u0131nda gelece\u011finin g\u00f6stergesidir. Perakendenin i\u00e7inde g\u0131da hacmi s\u00fcrekli b\u00fcy\u00fcmektedir. Son y\u0131llarda perakende hacmindeki d\u00fc\u015f\u00fck b\u00fcy\u00fcmeye ra\u011fmen sadece \u00fclkemizde de\u011fil, d\u00fcnyan\u0131n her yerinde bakkall\u0131k yo\u011fun ra\u011fbet g\u00f6rmektedir. Hat\u0131rlatmak isterim ki \u00fclkemizde ve d\u00fcnyada en b\u00fcy\u00fck i\u015f adam\u0131 ve b\u00fcy\u00fck holding sahiplerinin \u00e7\u0131kt\u0131\u011f\u0131 meslek bakkall\u0131kt\u0131r. Bakkall\u0131k, bayilik ve b\u00fcfecilik mesle\u011fini 3 bin 262 i\u015f yeri ile Kad\u0131n ve Erkek Kuaf\u00f6rl\u00fc\u011f\u00fc, 3 bin 218 i\u015f yeri ile kahvecilik, k\u0131raathanecilik ve internet kafe i\u015fletmecili\u011fi, 2 bin 835 i\u015f yeri ile Pazarc\u0131l\u0131k, 2 bin 671 i\u015f yeri ile Lokantac\u0131l\u0131k, 2 bin 531 ki\u015fi ile Servis Arac\u0131 \u0130\u015fletmecili\u011fi, 2 bin 316 ki\u015fi ile Minib\u00fcs\u00e7\u00fcl\u00fck, 2 bin 165 ki\u015fi ile Nakliyecilik ve nakliye komisyonculu\u011fu i\u015fletmecili\u011fi, 1777 ki\u015fi ile Taksicilik, 1765 ki\u015fi ile Emlak komisyonculu\u011fu ve dan\u0131\u015fmanl\u0131\u011f\u0131 ve 1581 ki\u015fi ile Konfeksiyon imal ve sat\u0131c\u0131l\u0131\u011f\u0131 takip etmektedir\u201d diye a\u00e7\u0131klad\u0131.<\/p>\n<p style=\"text-align: justify;\"><em>\u0130HA<\/em><\/p>\n","protected":false},"excerpt":{"rendered":"<p>T\u00fcrkiye\u2019de 2015 y\u0131l\u0131n\u0131n g\u00f6zde meslekleri olan bakkal, bayi ve b\u00fcfe i\u015fletmecili\u011fi, 2016 y\u0131l\u0131n\u0131n ilk 3 ay\u0131nda yine halk\u0131n en \u00e7ok tercih etti\u011fi mesleklerin ba\u015f\u0131nda geldi. Bakkall\u0131k, bayilik ve b\u00fcfecilik mesle\u011fini yapmak i\u00e7in 2016 y\u0131l\u0131 ilk 3 ay\u0131nda en fazla tescili yap\u0131lan 20 meslek i\u00e7erisinde 8 bin 048 ki\u015fi ile ilk s\u0131rada yer ald\u0131. T\u00fcrkiye Esnaf [&hellip;]<\/p>\n","protected":false},"author":2299,"featured_media":90889,"comment_status":"open","ping_status":"open","sticky":false,"template":"","format":"standard","meta":{"_yoast_wpseo_focuskw":"","_yoast_wpseo_title":"","_yoast_wpseo_metadesc":"","_bbp_topic_count":0,"_bbp_reply_count":0,"_bbp_total_topic_count":0,"_bbp_total_reply_count":0,"_bbp_voice_count":0,"_bbp_anonymous_reply_count":0,"_bbp_topic_count_hidden":0,"_bbp_reply_count_hidden":0,"_bbp_forum_subforum_count":0,"footnotes":"","_yoast_wpseo_focuskw_text_input":""},"categories":[37],"tags":[5191],"yoast_head":"<!-- This site is optimized with the Yoast SEO plugin v23.0 - https:\/\/yoast.com\/wordpress\/plugins\/seo\/ -->\n<title>T\u00fcrkiye&#039;nin G\u00f6zde Mesle\u011fi Bakkal \u0130\u015fletmecili\u011fi Oldu - The Epoch Times TR<\/title>\n<meta name=\"robots\" content=\"index, follow, max-snippet:-1, max-image-preview:large, max-video-preview:-1\" \/>\n<link rel=\"canonical\" href=\"https:\/\/epochtimestr.com\/index.php\/turkiyenin-gozde-meslegi-bakkal-isletmeciligi-oldu\" \/>\n<meta property=\"og:locale\" content=\"tr_TR\" \/>\n<meta property=\"og:type\" content=\"article\" \/>\n<meta property=\"og:title\" content=\"T\u00fcrkiye&#039;nin G\u00f6zde Mesle\u011fi Bakkal \u0130\u015fletmecili\u011fi Oldu - The Epoch Times TR\" \/>\n<meta property=\"og:description\" content=\"T\u00fcrkiye\u2019de 2015 y\u0131l\u0131n\u0131n g\u00f6zde meslekleri olan bakkal, bayi ve b\u00fcfe i\u015fletmecili\u011fi, 2016 y\u0131l\u0131n\u0131n ilk 3 ay\u0131nda yine halk\u0131n en \u00e7ok tercih etti\u011fi mesleklerin ba\u015f\u0131nda geldi. Bakkall\u0131k, bayilik ve b\u00fcfecilik mesle\u011fini yapmak i\u00e7in 2016 y\u0131l\u0131 ilk 3 ay\u0131nda en fazla tescili yap\u0131lan 20 meslek i\u00e7erisinde 8 bin 048 ki\u015fi ile ilk s\u0131rada yer ald\u0131. T\u00fcrkiye Esnaf [&hellip;]\" \/>\n<meta property=\"og:url\" content=\"https:\/\/epochtimestr.com\/index.php\/turkiyenin-gozde-meslegi-bakkal-isletmeciligi-oldu\" \/>\n<meta property=\"og:site_name\" content=\"The Epoch Times TR\" \/>\n<meta property=\"article:publisher\" content=\"https:\/\/www.facebook.com\/theepochtimestr\" \/>\n<meta property=\"article:published_time\" content=\"2016-04-16T08:39:46+00:00\" \/>\n<meta property=\"article:modified_time\" content=\"2018-03-28T18:10:18+00:00\" \/>\n<meta property=\"og:image\" content=\"https:\/\/epochtimestr.com\/wp-content\/uploads\/2011y\/1615968.jpg\" \/>\n\t<meta property=\"og:image:width\" content=\"600\" \/>\n\t<meta property=\"og:image:height\" content=\"319\" \/>\n\t<meta property=\"og:image:type\" content=\"image\/jpeg\" \/>\n<meta name=\"author\" content=\"S. \u00d6zcan\" \/>\n<meta name=\"twitter:card\" content=\"summary_large_image\" \/>\n<meta name=\"twitter:creator\" content=\"@TheEpochTimesTR\" \/>\n<meta name=\"twitter:site\" content=\"@TheEpochTimesTR\" \/>\n<meta name=\"twitter:label1\" content=\"Yazan:\" \/>\n\t<meta name=\"twitter:data1\" content=\"S. \u00d6zcan\" \/>\n\t<meta name=\"twitter:label2\" content=\"Tahmini okuma s\u00fcresi\" \/>\n\t<meta name=\"twitter:data2\" content=\"2 dakika\" \/>\n<script type=\"application\/ld+json\" class=\"yoast-schema-graph\">{\"@context\":\"https:\/\/schema.org\",\"@graph\":[{\"@type\":\"Article\",\"@id\":\"https:\/\/epochtimestr.com\/index.php\/turkiyenin-gozde-meslegi-bakkal-isletmeciligi-oldu#article\",\"isPartOf\":{\"@id\":\"https:\/\/epochtimestr.com\/index.php\/turkiyenin-gozde-meslegi-bakkal-isletmeciligi-oldu\"},\"author\":{\"name\":\"S. \u00d6zcan\",\"@id\":\"https:\/\/epochtimestr.com\/#\/schema\/person\/a68c9858eda0ed23ec4d60af426d1909\"},\"headline\":\"T\u00fcrkiye&#8217;nin G\u00f6zde Mesle\u011fi Bakkal \u0130\u015fletmecili\u011fi Oldu\",\"datePublished\":\"2016-04-16T08:39:46+00:00\",\"dateModified\":\"2018-03-28T18:10:18+00:00\",\"mainEntityOfPage\":{\"@id\":\"https:\/\/epochtimestr.com\/index.php\/turkiyenin-gozde-meslegi-bakkal-isletmeciligi-oldu\"},\"wordCount\":464,\"commentCount\":0,\"publisher\":{\"@id\":\"https:\/\/epochtimestr.com\/#organization\"},\"image\":{\"@id\":\"https:\/\/epochtimestr.com\/index.php\/turkiyenin-gozde-meslegi-bakkal-isletmeciligi-oldu#primaryimage\"},\"thumbnailUrl\":\"https:\/\/epochtimestr.com\/wp-content\/uploads\/2011y\/1615968.jpg\",\"keywords\":[\"en \u00e7ok tercih edilen meslekler\"],\"articleSection\":[\"T\u00dcRK\u0130YE\"],\"inLanguage\":\"tr\",\"potentialAction\":[{\"@type\":\"CommentAction\",\"name\":\"Comment\",\"target\":[\"https:\/\/epochtimestr.com\/index.php\/turkiyenin-gozde-meslegi-bakkal-isletmeciligi-oldu#respond\"]}]},{\"@type\":\"WebPage\",\"@id\":\"https:\/\/epochtimestr.com\/index.php\/turkiyenin-gozde-meslegi-bakkal-isletmeciligi-oldu\",\"url\":\"https:\/\/epochtimestr.com\/index.php\/turkiyenin-gozde-meslegi-bakkal-isletmeciligi-oldu\",\"name\":\"T\u00fcrkiye'nin G\u00f6zde Mesle\u011fi Bakkal \u0130\u015fletmecili\u011fi Oldu - The Epoch Times TR\",\"isPartOf\":{\"@id\":\"https:\/\/epochtimestr.com\/#website\"},\"primaryImageOfPage\":{\"@id\":\"https:\/\/epochtimestr.com\/index.php\/turkiyenin-gozde-meslegi-bakkal-isletmeciligi-oldu#primaryimage\"},\"image\":{\"@id\":\"https:\/\/epochtimestr.com\/index.php\/turkiyenin-gozde-meslegi-bakkal-isletmeciligi-oldu#primaryimage\"},\"thumbnailUrl\":\"https:\/\/epochtimestr.com\/wp-content\/uploads\/2011y\/1615968.jpg\",\"datePublished\":\"2016-04-16T08:39:46+00:00\",\"dateModified\":\"2018-03-28T18:10:18+00:00\",\"inLanguage\":\"tr\",\"potentialAction\":[{\"@type\":\"ReadAction\",\"target\":[\"https:\/\/epochtimestr.com\/index.php\/turkiyenin-gozde-meslegi-bakkal-isletmeciligi-oldu\"]}]},{\"@type\":\"ImageObject\",\"inLanguage\":\"tr\",\"@id\":\"https:\/\/epochtimestr.com\/index.php\/turkiyenin-gozde-meslegi-bakkal-isletmeciligi-oldu#primaryimage\",\"url\":\"https:\/\/epochtimestr.com\/wp-content\/uploads\/2011y\/1615968.jpg\",\"contentUrl\":\"https:\/\/epochtimestr.com\/wp-content\/uploads\/2011y\/1615968.jpg\",\"width\":600,\"height\":319,\"caption\":\"Foto\u011fraf: \u0130HA\"},{\"@type\":\"WebSite\",\"@id\":\"https:\/\/epochtimestr.com\/#website\",\"url\":\"https:\/\/epochtimestr.com\/\",\"name\":\"The Epoch Times TR\",\"description\":\"De\u011fi\u015fen D\u00fcnyam\u0131za Taze Bir Bak\u0131\u015f\",\"publisher\":{\"@id\":\"https:\/\/epochtimestr.com\/#organization\"},\"potentialAction\":[{\"@type\":\"SearchAction\",\"target\":{\"@type\":\"EntryPoint\",\"urlTemplate\":\"https:\/\/epochtimestr.com\/?s={search_term_string}\"},\"query-input\":\"required name=search_term_string\"}],\"inLanguage\":\"tr\"},{\"@type\":\"Organization\",\"@id\":\"https:\/\/epochtimestr.com\/#organization\",\"name\":\"The EpochTimes T\u00fcrkiye\",\"url\":\"https:\/\/epochtimestr.com\/\",\"logo\":{\"@type\":\"ImageObject\",\"inLanguage\":\"tr\",\"@id\":\"https:\/\/epochtimestr.com\/#\/schema\/logo\/image\/\",\"url\":\"https:\/\/epochtimestr.com\/wp-content\/uploads\/2011y\/ET-Logo-YG.jpg\",\"contentUrl\":\"https:\/\/epochtimestr.com\/wp-content\/uploads\/2011y\/ET-Logo-YG.jpg\",\"width\":346,\"height\":29,\"caption\":\"The EpochTimes T\u00fcrkiye\"},\"image\":{\"@id\":\"https:\/\/epochtimestr.com\/#\/schema\/logo\/image\/\"},\"sameAs\":[\"https:\/\/www.facebook.com\/theepochtimestr\",\"https:\/\/x.com\/TheEpochTimesTR\",\"https:\/\/www.instagram.com\/epochtimestr\"]},{\"@type\":\"Person\",\"@id\":\"https:\/\/epochtimestr.com\/#\/schema\/person\/a68c9858eda0ed23ec4d60af426d1909\",\"name\":\"S. \u00d6zcan\",\"image\":{\"@type\":\"ImageObject\",\"inLanguage\":\"tr\",\"@id\":\"https:\/\/epochtimestr.com\/#\/schema\/person\/image\/\",\"url\":\"https:\/\/secure.gravatar.com\/avatar\/4d5fe3f80eca8705add16a35528996c4?s=96&d=mm&r=g\",\"contentUrl\":\"https:\/\/secure.gravatar.com\/avatar\/4d5fe3f80eca8705add16a35528996c4?s=96&d=mm&r=g\",\"caption\":\"S. \u00d6zcan\"},\"url\":\"https:\/\/epochtimestr.com\/index.php\/author\/n-kaya\"}]}<\/script>\n<!-- \/ Yoast SEO plugin. -->","yoast_head_json":{"title":"T\u00fcrkiye'nin G\u00f6zde Mesle\u011fi Bakkal \u0130\u015fletmecili\u011fi Oldu - The Epoch Times TR","robots":{"index":"index","follow":"follow","max-snippet":"max-snippet:-1","max-image-preview":"max-image-preview:large","max-video-preview":"max-video-preview:-1"},"canonical":"https:\/\/epochtimestr.com\/index.php\/turkiyenin-gozde-meslegi-bakkal-isletmeciligi-oldu","og_locale":"tr_TR","og_type":"article","og_title":"T\u00fcrkiye'nin G\u00f6zde Mesle\u011fi Bakkal \u0130\u015fletmecili\u011fi Oldu - The Epoch Times TR","og_description":"T\u00fcrkiye\u2019de 2015 y\u0131l\u0131n\u0131n g\u00f6zde meslekleri olan bakkal, bayi ve b\u00fcfe i\u015fletmecili\u011fi, 2016 y\u0131l\u0131n\u0131n ilk 3 ay\u0131nda yine halk\u0131n en \u00e7ok tercih etti\u011fi mesleklerin ba\u015f\u0131nda geldi. Bakkall\u0131k, bayilik ve b\u00fcfecilik mesle\u011fini yapmak i\u00e7in 2016 y\u0131l\u0131 ilk 3 ay\u0131nda en fazla tescili yap\u0131lan 20 meslek i\u00e7erisinde 8 bin 048 ki\u015fi ile ilk s\u0131rada yer ald\u0131. T\u00fcrkiye Esnaf [&hellip;]","og_url":"https:\/\/epochtimestr.com\/index.php\/turkiyenin-gozde-meslegi-bakkal-isletmeciligi-oldu","og_site_name":"The Epoch Times TR","article_publisher":"https:\/\/www.facebook.com\/theepochtimestr","article_published_time":"2016-04-16T08:39:46+00:00","article_modified_time":"2018-03-28T18:10:18+00:00","og_image":[{"width":600,"height":319,"url":"https:\/\/epochtimestr.com\/wp-content\/uploads\/2011y\/1615968.jpg","type":"image\/jpeg"}],"author":"S. \u00d6zcan","twitter_card":"summary_large_image","twitter_creator":"@TheEpochTimesTR","twitter_site":"@TheEpochTimesTR","twitter_misc":{"Yazan:":"S. \u00d6zcan","Tahmini okuma s\u00fcresi":"2 dakika"},"schema":{"@context":"https:\/\/schema.org","@graph":[{"@type":"Article","@id":"https:\/\/epochtimestr.com\/index.php\/turkiyenin-gozde-meslegi-bakkal-isletmeciligi-oldu#article","isPartOf":{"@id":"https:\/\/epochtimestr.com\/index.php\/turkiyenin-gozde-meslegi-bakkal-isletmeciligi-oldu"},"author":{"name":"S. \u00d6zcan","@id":"https:\/\/epochtimestr.com\/#\/schema\/person\/a68c9858eda0ed23ec4d60af426d1909"},"headline":"T\u00fcrkiye&#8217;nin G\u00f6zde Mesle\u011fi Bakkal \u0130\u015fletmecili\u011fi Oldu","datePublished":"2016-04-16T08:39:46+00:00","dateModified":"2018-03-28T18:10:18+00:00","mainEntityOfPage":{"@id":"https:\/\/epochtimestr.com\/index.php\/turkiyenin-gozde-meslegi-bakkal-isletmeciligi-oldu"},"wordCount":464,"commentCount":0,"publisher":{"@id":"https:\/\/epochtimestr.com\/#organization"},"image":{"@id":"https:\/\/epochtimestr.com\/index.php\/turkiyenin-gozde-meslegi-bakkal-isletmeciligi-oldu#primaryimage"},"thumbnailUrl":"https:\/\/epochtimestr.com\/wp-content\/uploads\/2011y\/1615968.jpg","keywords":["en \u00e7ok tercih edilen meslekler"],"articleSection":["T\u00dcRK\u0130YE"],"inLanguage":"tr","potentialAction":[{"@type":"CommentAction","name":"Comment","target":["https:\/\/epochtimestr.com\/index.php\/turkiyenin-gozde-meslegi-bakkal-isletmeciligi-oldu#respond"]}]},{"@type":"WebPage","@id":"https:\/\/epochtimestr.com\/index.php\/turkiyenin-gozde-meslegi-bakkal-isletmeciligi-oldu","url":"https:\/\/epochtimestr.com\/index.php\/turkiyenin-gozde-meslegi-bakkal-isletmeciligi-oldu","name":"T\u00fcrkiye'nin G\u00f6zde Mesle\u011fi Bakkal \u0130\u015fletmecili\u011fi Oldu - The Epoch Times TR","isPartOf":{"@id":"https:\/\/epochtimestr.com\/#website"},"primaryImageOfPage":{"@id":"https:\/\/epochtimestr.com\/index.php\/turkiyenin-gozde-meslegi-bakkal-isletmeciligi-oldu#primaryimage"},"image":{"@id":"https:\/\/epochtimestr.com\/index.php\/turkiyenin-gozde-meslegi-bakkal-isletmeciligi-oldu#primaryimage"},"thumbnailUrl":"https:\/\/epochtimestr.com\/wp-content\/uploads\/2011y\/1615968.jpg","datePublished":"2016-04-16T08:39:46+00:00","dateModified":"2018-03-28T18:10:18+00:00","inLanguage":"tr","potentialAction":[{"@type":"ReadAction","target":["https:\/\/epochtimestr.com\/index.php\/turkiyenin-gozde-meslegi-bakkal-isletmeciligi-oldu"]}]},{"@type":"ImageObject","inLanguage":"tr","@id":"https:\/\/epochtimestr.com\/index.php\/turkiyenin-gozde-meslegi-bakkal-isletmeciligi-oldu#primaryimage","url":"https:\/\/epochtimestr.com\/wp-content\/uploads\/2011y\/1615968.jpg","contentUrl":"https:\/\/epochtimestr.com\/wp-content\/uploads\/2011y\/1615968.jpg","width":600,"height":319,"caption":"Foto\u011fraf: \u0130HA"},{"@type":"WebSite","@id":"https:\/\/epochtimestr.com\/#website","url":"https:\/\/epochtimestr.com\/","name":"The Epoch Times TR","description":"De\u011fi\u015fen D\u00fcnyam\u0131za Taze Bir Bak\u0131\u015f","publisher":{"@id":"https:\/\/epochtimestr.com\/#organization"},"potentialAction":[{"@type":"SearchAction","target":{"@type":"EntryPoint","urlTemplate":"https:\/\/epochtimestr.com\/?s={search_term_string}"},"query-input":"required name=search_term_string"}],"inLanguage":"tr"},{"@type":"Organization","@id":"https:\/\/epochtimestr.com\/#organization","name":"The EpochTimes T\u00fcrkiye","url":"https:\/\/epochtimestr.com\/","logo":{"@type":"ImageObject","inLanguage":"tr","@id":"https:\/\/epochtimestr.com\/#\/schema\/logo\/image\/","url":"https:\/\/epochtimestr.com\/wp-content\/uploads\/2011y\/ET-Logo-YG.jpg","contentUrl":"https:\/\/epochtimestr.com\/wp-content\/uploads\/2011y\/ET-Logo-YG.jpg","width":346,"height":29,"caption":"The EpochTimes T\u00fcrkiye"},"image":{"@id":"https:\/\/epochtimestr.com\/#\/schema\/logo\/image\/"},"sameAs":["https:\/\/www.facebook.com\/theepochtimestr","https:\/\/x.com\/TheEpochTimesTR","https:\/\/www.instagram.com\/epochtimestr"]},{"@type":"Person","@id":"https:\/\/epochtimestr.com\/#\/schema\/person\/a68c9858eda0ed23ec4d60af426d1909","name":"S. \u00d6zcan","image":{"@type":"ImageObject","inLanguage":"tr","@id":"https:\/\/epochtimestr.com\/#\/schema\/person\/image\/","url":"https:\/\/secure.gravatar.com\/avatar\/4d5fe3f80eca8705add16a35528996c4?s=96&d=mm&r=g","contentUrl":"https:\/\/secure.gravatar.com\/avatar\/4d5fe3f80eca8705add16a35528996c4?s=96&d=mm&r=g","caption":"S. \u00d6zcan"},"url":"https:\/\/epochtimestr.com\/index.php\/author\/n-kaya"}]}},"_links":{"self":[{"href":"https:\/\/epochtimestr.com\/index.php\/wp-json\/wp\/v2\/posts\/90888"}],"collection":[{"href":"https:\/\/epochtimestr.com\/index.php\/wp-json\/wp\/v2\/posts"}],"about":[{"href":"https:\/\/epochtimestr.com\/index.php\/wp-json\/wp\/v2\/types\/post"}],"author":[{"embeddable":true,"href":"https:\/\/epochtimestr.com\/index.php\/wp-json\/wp\/v2\/users\/2299"}],"replies":[{"embeddable":true,"href":"https:\/\/epochtimestr.com\/index.php\/wp-json\/wp\/v2\/comments?post=90888"}],"version-history":[{"count":1,"href":"https:\/\/epochtimestr.com\/index.php\/wp-json\/wp\/v2\/posts\/90888\/revisions"}],"predecessor-version":[{"id":90890,"href":"https:\/\/epochtimestr.com\/index.php\/wp-json\/wp\/v2\/posts\/90888\/revisions\/90890"}],"wp:featuredmedia":[{"embeddable":true,"href":"https:\/\/epochtimestr.com\/index.php\/wp-json\/wp\/v2\/media\/90889"}],"wp:attachment":[{"href":"https:\/\/epochtimestr.com\/index.php\/wp-json\/wp\/v2\/media?parent=90888"}],"wp:term":[{"taxonomy":"category","embeddable":true,"href":"https:\/\/epochtimestr.com\/index.php\/wp-json\/wp\/v2\/categories?post=90888"},{"taxonomy":"post_tag","embeddable":true,"href":"https:\/\/epochtimestr.com\/index.php\/wp-json\/wp\/v2\/tags?post=90888"}],"curies":[{"name":"wp","href":"https:\/\/api.w.org\/{rel}","templated":true}]}}