{"id":93706,"date":"2016-07-16T10:07:52","date_gmt":"2016-07-16T07:07:52","guid":{"rendered":"http:\/\/epochtimestr.com\/?p=93706"},"modified":"2016-07-16T11:00:23","modified_gmt":"2016-07-16T08:00:23","slug":"koprudeki-fetocu-askerler-teslim-oldu","status":"publish","type":"post","link":"https:\/\/epochtimestr.com\/index.php\/koprudeki-fetocu-askerler-teslim-oldu","title":{"rendered":"K\u00f6pr\u00fcdeki Askerler Teslim Oldu"},"content":{"rendered":"<h2 class=\"abstract\"><img loading=\"lazy\" decoding=\"async\" class=\"alignnone size-large wp-image-93707\" src=\"https:\/\/epochtimestr.com\/wp-content\/uploads\/2011y\/askerler-teslim-600x320.jpg\" alt=\"askerler-teslim\" width=\"600\" height=\"320\" srcset=\"https:\/\/epochtimestr.com\/wp-content\/uploads\/2011y\/askerler-teslim-600x320.jpg 600w, https:\/\/epochtimestr.com\/wp-content\/uploads\/2011y\/askerler-teslim-150x80.jpg 150w, https:\/\/epochtimestr.com\/wp-content\/uploads\/2011y\/askerler-teslim-300x160.jpg 300w, https:\/\/epochtimestr.com\/wp-content\/uploads\/2011y\/askerler-teslim-292x156.jpg 292w, https:\/\/epochtimestr.com\/wp-content\/uploads\/2011y\/askerler-teslim-638x340.jpg 638w, https:\/\/epochtimestr.com\/wp-content\/uploads\/2011y\/askerler-teslim-190x100.jpg 190w, https:\/\/epochtimestr.com\/wp-content\/uploads\/2011y\/askerler-teslim-629x335.jpg 629w, https:\/\/epochtimestr.com\/wp-content\/uploads\/2011y\/askerler-teslim.jpg 664w\" sizes=\"(max-width: 600px) 100vw, 600px\" \/><\/h2>\n<p>Bo\u011fazi\u00e7i K\u00f6pr\u00fcs\u00fc&#8217;n\u00fc kapatan askerleri, polise teslim oldu.<\/p>\n<p>Bo\u011faz K\u00f6pr\u00fcs\u00fc&#8217;n\u00fc gece boyunca trafi\u011fe kapatarak polisle \u00e7at\u0131\u015fan askerler teslim oldu. Vatanda\u015flar tanklar\u0131n \u00fczerine \u00e7\u0131karak sevin\u00e7 g\u00f6sterisinde bulundu.<\/p>\n<p>Bo\u011faz K\u00f6pr\u00fcs\u00fc&#8217;n\u00fc gece trafi\u011fe kapatan askerler sabah saatlerine kadar polisle \u00e7at\u0131\u015fmaya devam etti. Tanklarla Bo\u011faz K\u00f6pr\u00fcs\u00fc&#8217;n\u00fc kapatan askerlere polisler teslim olmalar\u0131 i\u00e7in \u00e7a\u011fr\u0131da bulundu. Fakat gece boyunca teslim ol \u00e7a\u011fr\u0131s\u0131na askerler taraf\u0131ndan ate\u015fle kar\u015f\u0131l\u0131k verildi. Sabaha kadar devam eden \u00e7at\u0131\u015fmalar\u0131n ard\u0131ndan askerler silah b\u0131rakarak teslim oldu. Ellerini havaya kald\u0131rarak teslim olan askerler g\u00f6z alt\u0131na al\u0131nd\u0131. Askerlerin teslim olmas\u0131yla b\u00fcy\u00fck sevin\u00e7 ya\u015fayan vatanda\u015flar tanklar\u0131n \u00fczerine \u00e7\u0131karak foto\u011fraf \u00e7ektirdiler. Vatanda\u015flar T\u00fcrk bayra\u011f\u0131 a\u00e7arak ve sloganlar atarak sevin\u00e7 g\u00f6sterisinde bulundular.<\/p>\n","protected":false},"excerpt":{"rendered":"<p>Bo\u011fazi\u00e7i K\u00f6pr\u00fcs\u00fc&#8217;n\u00fc kapatan askerleri, polise teslim oldu. Bo\u011faz K\u00f6pr\u00fcs\u00fc&#8217;n\u00fc gece boyunca trafi\u011fe kapatarak polisle \u00e7at\u0131\u015fan askerler teslim oldu. Vatanda\u015flar tanklar\u0131n \u00fczerine \u00e7\u0131karak sevin\u00e7 g\u00f6sterisinde bulundu. Bo\u011faz K\u00f6pr\u00fcs\u00fc&#8217;n\u00fc gece trafi\u011fe kapatan askerler sabah saatlerine kadar polisle \u00e7at\u0131\u015fmaya devam etti. Tanklarla Bo\u011faz K\u00f6pr\u00fcs\u00fc&#8217;n\u00fc kapatan askerlere polisler teslim olmalar\u0131 i\u00e7in \u00e7a\u011fr\u0131da bulundu. Fakat gece boyunca teslim ol \u00e7a\u011fr\u0131s\u0131na [&hellip;]<\/p>\n","protected":false},"author":12791,"featured_media":93707,"comment_status":"open","ping_status":"open","sticky":false,"template":"","format":"standard","meta":{"_yoast_wpseo_focuskw":"","_yoast_wpseo_title":"","_yoast_wpseo_metadesc":"","_bbp_topic_count":0,"_bbp_reply_count":0,"_bbp_total_topic_count":0,"_bbp_total_reply_count":0,"_bbp_voice_count":0,"_bbp_anonymous_reply_count":0,"_bbp_topic_count_hidden":0,"_bbp_reply_count_hidden":0,"_bbp_forum_subforum_count":0,"footnotes":"","_yoast_wpseo_focuskw_text_input":""},"categories":[37],"tags":[],"yoast_head":"<!-- This site is optimized with the Yoast SEO plugin v23.0 - https:\/\/yoast.com\/wordpress\/plugins\/seo\/ -->\n<title>K\u00f6pr\u00fcdeki Askerler Teslim Oldu - The Epoch Times TR<\/title>\n<meta name=\"robots\" content=\"index, follow, max-snippet:-1, max-image-preview:large, max-video-preview:-1\" \/>\n<link rel=\"canonical\" href=\"https:\/\/epochtimestr.com\/index.php\/koprudeki-fetocu-askerler-teslim-oldu\" \/>\n<meta property=\"og:locale\" content=\"tr_TR\" \/>\n<meta property=\"og:type\" content=\"article\" \/>\n<meta property=\"og:title\" content=\"K\u00f6pr\u00fcdeki Askerler Teslim Oldu - The Epoch Times TR\" \/>\n<meta property=\"og:description\" content=\"Bo\u011fazi\u00e7i K\u00f6pr\u00fcs\u00fc&#8217;n\u00fc kapatan askerleri, polise teslim oldu. Bo\u011faz K\u00f6pr\u00fcs\u00fc&#8217;n\u00fc gece boyunca trafi\u011fe kapatarak polisle \u00e7at\u0131\u015fan askerler teslim oldu. Vatanda\u015flar tanklar\u0131n \u00fczerine \u00e7\u0131karak sevin\u00e7 g\u00f6sterisinde bulundu. Bo\u011faz K\u00f6pr\u00fcs\u00fc&#8217;n\u00fc gece trafi\u011fe kapatan askerler sabah saatlerine kadar polisle \u00e7at\u0131\u015fmaya devam etti. Tanklarla Bo\u011faz K\u00f6pr\u00fcs\u00fc&#8217;n\u00fc kapatan askerlere polisler teslim olmalar\u0131 i\u00e7in \u00e7a\u011fr\u0131da bulundu. Fakat gece boyunca teslim ol \u00e7a\u011fr\u0131s\u0131na [&hellip;]\" \/>\n<meta property=\"og:url\" content=\"https:\/\/epochtimestr.com\/index.php\/koprudeki-fetocu-askerler-teslim-oldu\" \/>\n<meta property=\"og:site_name\" content=\"The Epoch Times TR\" \/>\n<meta property=\"article:publisher\" content=\"https:\/\/www.facebook.com\/theepochtimestr\" \/>\n<meta property=\"article:published_time\" content=\"2016-07-16T07:07:52+00:00\" \/>\n<meta property=\"article:modified_time\" content=\"2016-07-16T08:00:23+00:00\" \/>\n<meta property=\"og:image\" content=\"https:\/\/epochtimestr.com\/wp-content\/uploads\/2011y\/askerler-teslim.jpg\" \/>\n\t<meta property=\"og:image:width\" content=\"664\" \/>\n\t<meta property=\"og:image:height\" content=\"354\" \/>\n\t<meta property=\"og:image:type\" content=\"image\/jpeg\" \/>\n<meta name=\"author\" content=\"Haber Merkezi\" \/>\n<meta name=\"twitter:card\" content=\"summary_large_image\" \/>\n<meta name=\"twitter:creator\" content=\"@TheEpochTimesTR\" \/>\n<meta name=\"twitter:site\" content=\"@TheEpochTimesTR\" \/>\n<meta name=\"twitter:label1\" content=\"Yazan:\" \/>\n\t<meta name=\"twitter:data1\" content=\"Haber Merkezi\" \/>\n\t<meta name=\"twitter:label2\" content=\"Tahmini okuma s\u00fcresi\" \/>\n\t<meta name=\"twitter:data2\" content=\"1 dakika\" \/>\n<script type=\"application\/ld+json\" class=\"yoast-schema-graph\">{\"@context\":\"https:\/\/schema.org\",\"@graph\":[{\"@type\":\"Article\",\"@id\":\"https:\/\/epochtimestr.com\/index.php\/koprudeki-fetocu-askerler-teslim-oldu#article\",\"isPartOf\":{\"@id\":\"https:\/\/epochtimestr.com\/index.php\/koprudeki-fetocu-askerler-teslim-oldu\"},\"author\":{\"name\":\"Haber Merkezi\",\"@id\":\"https:\/\/epochtimestr.com\/#\/schema\/person\/3dc5c3adeb9f43923c5aa85889172fdd\"},\"headline\":\"K\u00f6pr\u00fcdeki Askerler Teslim Oldu\",\"datePublished\":\"2016-07-16T07:07:52+00:00\",\"dateModified\":\"2016-07-16T08:00:23+00:00\",\"mainEntityOfPage\":{\"@id\":\"https:\/\/epochtimestr.com\/index.php\/koprudeki-fetocu-askerler-teslim-oldu\"},\"wordCount\":161,\"commentCount\":0,\"publisher\":{\"@id\":\"https:\/\/epochtimestr.com\/#organization\"},\"image\":{\"@id\":\"https:\/\/epochtimestr.com\/index.php\/koprudeki-fetocu-askerler-teslim-oldu#primaryimage\"},\"thumbnailUrl\":\"https:\/\/epochtimestr.com\/wp-content\/uploads\/2011y\/askerler-teslim.jpg\",\"articleSection\":[\"T\u00dcRK\u0130YE\"],\"inLanguage\":\"tr\",\"potentialAction\":[{\"@type\":\"CommentAction\",\"name\":\"Comment\",\"target\":[\"https:\/\/epochtimestr.com\/index.php\/koprudeki-fetocu-askerler-teslim-oldu#respond\"]}]},{\"@type\":\"WebPage\",\"@id\":\"https:\/\/epochtimestr.com\/index.php\/koprudeki-fetocu-askerler-teslim-oldu\",\"url\":\"https:\/\/epochtimestr.com\/index.php\/koprudeki-fetocu-askerler-teslim-oldu\",\"name\":\"K\u00f6pr\u00fcdeki Askerler Teslim Oldu - The Epoch Times TR\",\"isPartOf\":{\"@id\":\"https:\/\/epochtimestr.com\/#website\"},\"primaryImageOfPage\":{\"@id\":\"https:\/\/epochtimestr.com\/index.php\/koprudeki-fetocu-askerler-teslim-oldu#primaryimage\"},\"image\":{\"@id\":\"https:\/\/epochtimestr.com\/index.php\/koprudeki-fetocu-askerler-teslim-oldu#primaryimage\"},\"thumbnailUrl\":\"https:\/\/epochtimestr.com\/wp-content\/uploads\/2011y\/askerler-teslim.jpg\",\"datePublished\":\"2016-07-16T07:07:52+00:00\",\"dateModified\":\"2016-07-16T08:00:23+00:00\",\"inLanguage\":\"tr\",\"potentialAction\":[{\"@type\":\"ReadAction\",\"target\":[\"https:\/\/epochtimestr.com\/index.php\/koprudeki-fetocu-askerler-teslim-oldu\"]}]},{\"@type\":\"ImageObject\",\"inLanguage\":\"tr\",\"@id\":\"https:\/\/epochtimestr.com\/index.php\/koprudeki-fetocu-askerler-teslim-oldu#primaryimage\",\"url\":\"https:\/\/epochtimestr.com\/wp-content\/uploads\/2011y\/askerler-teslim.jpg\",\"contentUrl\":\"https:\/\/epochtimestr.com\/wp-content\/uploads\/2011y\/askerler-teslim.jpg\",\"width\":664,\"height\":354},{\"@type\":\"WebSite\",\"@id\":\"https:\/\/epochtimestr.com\/#website\",\"url\":\"https:\/\/epochtimestr.com\/\",\"name\":\"The Epoch Times TR\",\"description\":\"De\u011fi\u015fen D\u00fcnyam\u0131za Taze Bir Bak\u0131\u015f\",\"publisher\":{\"@id\":\"https:\/\/epochtimestr.com\/#organization\"},\"potentialAction\":[{\"@type\":\"SearchAction\",\"target\":{\"@type\":\"EntryPoint\",\"urlTemplate\":\"https:\/\/epochtimestr.com\/?s={search_term_string}\"},\"query-input\":\"required name=search_term_string\"}],\"inLanguage\":\"tr\"},{\"@type\":\"Organization\",\"@id\":\"https:\/\/epochtimestr.com\/#organization\",\"name\":\"The EpochTimes T\u00fcrkiye\",\"url\":\"https:\/\/epochtimestr.com\/\",\"logo\":{\"@type\":\"ImageObject\",\"inLanguage\":\"tr\",\"@id\":\"https:\/\/epochtimestr.com\/#\/schema\/logo\/image\/\",\"url\":\"https:\/\/epochtimestr.com\/wp-content\/uploads\/2011y\/ET-Logo-YG.jpg\",\"contentUrl\":\"https:\/\/epochtimestr.com\/wp-content\/uploads\/2011y\/ET-Logo-YG.jpg\",\"width\":346,\"height\":29,\"caption\":\"The EpochTimes T\u00fcrkiye\"},\"image\":{\"@id\":\"https:\/\/epochtimestr.com\/#\/schema\/logo\/image\/\"},\"sameAs\":[\"https:\/\/www.facebook.com\/theepochtimestr\",\"https:\/\/x.com\/TheEpochTimesTR\",\"https:\/\/www.instagram.com\/epochtimestr\"]},{\"@type\":\"Person\",\"@id\":\"https:\/\/epochtimestr.com\/#\/schema\/person\/3dc5c3adeb9f43923c5aa85889172fdd\",\"name\":\"Haber Merkezi\",\"image\":{\"@type\":\"ImageObject\",\"inLanguage\":\"tr\",\"@id\":\"https:\/\/epochtimestr.com\/#\/schema\/person\/image\/\",\"url\":\"https:\/\/secure.gravatar.com\/avatar\/d73f772ba5a74f28601361e17c2f93e6?s=96&d=mm&r=g\",\"contentUrl\":\"https:\/\/secure.gravatar.com\/avatar\/d73f772ba5a74f28601361e17c2f93e6?s=96&d=mm&r=g\",\"caption\":\"Haber Merkezi\"},\"url\":\"https:\/\/epochtimestr.com\/index.php\/author\/sendag\"}]}<\/script>\n<!-- \/ Yoast SEO plugin. -->","yoast_head_json":{"title":"K\u00f6pr\u00fcdeki Askerler Teslim Oldu - The Epoch Times TR","robots":{"index":"index","follow":"follow","max-snippet":"max-snippet:-1","max-image-preview":"max-image-preview:large","max-video-preview":"max-video-preview:-1"},"canonical":"https:\/\/epochtimestr.com\/index.php\/koprudeki-fetocu-askerler-teslim-oldu","og_locale":"tr_TR","og_type":"article","og_title":"K\u00f6pr\u00fcdeki Askerler Teslim Oldu - The Epoch Times TR","og_description":"Bo\u011fazi\u00e7i K\u00f6pr\u00fcs\u00fc&#8217;n\u00fc kapatan askerleri, polise teslim oldu. Bo\u011faz K\u00f6pr\u00fcs\u00fc&#8217;n\u00fc gece boyunca trafi\u011fe kapatarak polisle \u00e7at\u0131\u015fan askerler teslim oldu. Vatanda\u015flar tanklar\u0131n \u00fczerine \u00e7\u0131karak sevin\u00e7 g\u00f6sterisinde bulundu. Bo\u011faz K\u00f6pr\u00fcs\u00fc&#8217;n\u00fc gece trafi\u011fe kapatan askerler sabah saatlerine kadar polisle \u00e7at\u0131\u015fmaya devam etti. Tanklarla Bo\u011faz K\u00f6pr\u00fcs\u00fc&#8217;n\u00fc kapatan askerlere polisler teslim olmalar\u0131 i\u00e7in \u00e7a\u011fr\u0131da bulundu. Fakat gece boyunca teslim ol \u00e7a\u011fr\u0131s\u0131na [&hellip;]","og_url":"https:\/\/epochtimestr.com\/index.php\/koprudeki-fetocu-askerler-teslim-oldu","og_site_name":"The Epoch Times TR","article_publisher":"https:\/\/www.facebook.com\/theepochtimestr","article_published_time":"2016-07-16T07:07:52+00:00","article_modified_time":"2016-07-16T08:00:23+00:00","og_image":[{"width":664,"height":354,"url":"https:\/\/epochtimestr.com\/wp-content\/uploads\/2011y\/askerler-teslim.jpg","type":"image\/jpeg"}],"author":"Haber Merkezi","twitter_card":"summary_large_image","twitter_creator":"@TheEpochTimesTR","twitter_site":"@TheEpochTimesTR","twitter_misc":{"Yazan:":"Haber Merkezi","Tahmini okuma s\u00fcresi":"1 dakika"},"schema":{"@context":"https:\/\/schema.org","@graph":[{"@type":"Article","@id":"https:\/\/epochtimestr.com\/index.php\/koprudeki-fetocu-askerler-teslim-oldu#article","isPartOf":{"@id":"https:\/\/epochtimestr.com\/index.php\/koprudeki-fetocu-askerler-teslim-oldu"},"author":{"name":"Haber Merkezi","@id":"https:\/\/epochtimestr.com\/#\/schema\/person\/3dc5c3adeb9f43923c5aa85889172fdd"},"headline":"K\u00f6pr\u00fcdeki Askerler Teslim Oldu","datePublished":"2016-07-16T07:07:52+00:00","dateModified":"2016-07-16T08:00:23+00:00","mainEntityOfPage":{"@id":"https:\/\/epochtimestr.com\/index.php\/koprudeki-fetocu-askerler-teslim-oldu"},"wordCount":161,"commentCount":0,"publisher":{"@id":"https:\/\/epochtimestr.com\/#organization"},"image":{"@id":"https:\/\/epochtimestr.com\/index.php\/koprudeki-fetocu-askerler-teslim-oldu#primaryimage"},"thumbnailUrl":"https:\/\/epochtimestr.com\/wp-content\/uploads\/2011y\/askerler-teslim.jpg","articleSection":["T\u00dcRK\u0130YE"],"inLanguage":"tr","potentialAction":[{"@type":"CommentAction","name":"Comment","target":["https:\/\/epochtimestr.com\/index.php\/koprudeki-fetocu-askerler-teslim-oldu#respond"]}]},{"@type":"WebPage","@id":"https:\/\/epochtimestr.com\/index.php\/koprudeki-fetocu-askerler-teslim-oldu","url":"https:\/\/epochtimestr.com\/index.php\/koprudeki-fetocu-askerler-teslim-oldu","name":"K\u00f6pr\u00fcdeki Askerler Teslim Oldu - The Epoch Times TR","isPartOf":{"@id":"https:\/\/epochtimestr.com\/#website"},"primaryImageOfPage":{"@id":"https:\/\/epochtimestr.com\/index.php\/koprudeki-fetocu-askerler-teslim-oldu#primaryimage"},"image":{"@id":"https:\/\/epochtimestr.com\/index.php\/koprudeki-fetocu-askerler-teslim-oldu#primaryimage"},"thumbnailUrl":"https:\/\/epochtimestr.com\/wp-content\/uploads\/2011y\/askerler-teslim.jpg","datePublished":"2016-07-16T07:07:52+00:00","dateModified":"2016-07-16T08:00:23+00:00","inLanguage":"tr","potentialAction":[{"@type":"ReadAction","target":["https:\/\/epochtimestr.com\/index.php\/koprudeki-fetocu-askerler-teslim-oldu"]}]},{"@type":"ImageObject","inLanguage":"tr","@id":"https:\/\/epochtimestr.com\/index.php\/koprudeki-fetocu-askerler-teslim-oldu#primaryimage","url":"https:\/\/epochtimestr.com\/wp-content\/uploads\/2011y\/askerler-teslim.jpg","contentUrl":"https:\/\/epochtimestr.com\/wp-content\/uploads\/2011y\/askerler-teslim.jpg","width":664,"height":354},{"@type":"WebSite","@id":"https:\/\/epochtimestr.com\/#website","url":"https:\/\/epochtimestr.com\/","name":"The Epoch Times TR","description":"De\u011fi\u015fen D\u00fcnyam\u0131za Taze Bir Bak\u0131\u015f","publisher":{"@id":"https:\/\/epochtimestr.com\/#organization"},"potentialAction":[{"@type":"SearchAction","target":{"@type":"EntryPoint","urlTemplate":"https:\/\/epochtimestr.com\/?s={search_term_string}"},"query-input":"required name=search_term_string"}],"inLanguage":"tr"},{"@type":"Organization","@id":"https:\/\/epochtimestr.com\/#organization","name":"The EpochTimes T\u00fcrkiye","url":"https:\/\/epochtimestr.com\/","logo":{"@type":"ImageObject","inLanguage":"tr","@id":"https:\/\/epochtimestr.com\/#\/schema\/logo\/image\/","url":"https:\/\/epochtimestr.com\/wp-content\/uploads\/2011y\/ET-Logo-YG.jpg","contentUrl":"https:\/\/epochtimestr.com\/wp-content\/uploads\/2011y\/ET-Logo-YG.jpg","width":346,"height":29,"caption":"The EpochTimes T\u00fcrkiye"},"image":{"@id":"https:\/\/epochtimestr.com\/#\/schema\/logo\/image\/"},"sameAs":["https:\/\/www.facebook.com\/theepochtimestr","https:\/\/x.com\/TheEpochTimesTR","https:\/\/www.instagram.com\/epochtimestr"]},{"@type":"Person","@id":"https:\/\/epochtimestr.com\/#\/schema\/person\/3dc5c3adeb9f43923c5aa85889172fdd","name":"Haber Merkezi","image":{"@type":"ImageObject","inLanguage":"tr","@id":"https:\/\/epochtimestr.com\/#\/schema\/person\/image\/","url":"https:\/\/secure.gravatar.com\/avatar\/d73f772ba5a74f28601361e17c2f93e6?s=96&d=mm&r=g","contentUrl":"https:\/\/secure.gravatar.com\/avatar\/d73f772ba5a74f28601361e17c2f93e6?s=96&d=mm&r=g","caption":"Haber Merkezi"},"url":"https:\/\/epochtimestr.com\/index.php\/author\/sendag"}]}},"_links":{"self":[{"href":"https:\/\/epochtimestr.com\/index.php\/wp-json\/wp\/v2\/posts\/93706"}],"collection":[{"href":"https:\/\/epochtimestr.com\/index.php\/wp-json\/wp\/v2\/posts"}],"about":[{"href":"https:\/\/epochtimestr.com\/index.php\/wp-json\/wp\/v2\/types\/post"}],"author":[{"embeddable":true,"href":"https:\/\/epochtimestr.com\/index.php\/wp-json\/wp\/v2\/users\/12791"}],"replies":[{"embeddable":true,"href":"https:\/\/epochtimestr.com\/index.php\/wp-json\/wp\/v2\/comments?post=93706"}],"version-history":[{"count":3,"href":"https:\/\/epochtimestr.com\/index.php\/wp-json\/wp\/v2\/posts\/93706\/revisions"}],"predecessor-version":[{"id":93724,"href":"https:\/\/epochtimestr.com\/index.php\/wp-json\/wp\/v2\/posts\/93706\/revisions\/93724"}],"wp:featuredmedia":[{"embeddable":true,"href":"https:\/\/epochtimestr.com\/index.php\/wp-json\/wp\/v2\/media\/93707"}],"wp:attachment":[{"href":"https:\/\/epochtimestr.com\/index.php\/wp-json\/wp\/v2\/media?parent=93706"}],"wp:term":[{"taxonomy":"category","embeddable":true,"href":"https:\/\/epochtimestr.com\/index.php\/wp-json\/wp\/v2\/categories?post=93706"},{"taxonomy":"post_tag","embeddable":true,"href":"https:\/\/epochtimestr.com\/index.php\/wp-json\/wp\/v2\/tags?post=93706"}],"curies":[{"name":"wp","href":"https:\/\/api.w.org\/{rel}","templated":true}]}}