{"id":95644,"date":"2016-09-16T12:54:11","date_gmt":"2016-09-16T09:54:11","guid":{"rendered":"http:\/\/epochtimestr.com\/?p=95644"},"modified":"2016-09-16T13:17:45","modified_gmt":"2016-09-16T10:17:45","slug":"tarik-akan-aramizdan-ayrildi","status":"publish","type":"post","link":"https:\/\/epochtimestr.com\/index.php\/tarik-akan-aramizdan-ayrildi","title":{"rendered":"Tar\u0131k Akan Aram\u0131zdan Ayr\u0131ld\u0131"},"content":{"rendered":"<figure id=\"attachment_95645\" aria-describedby=\"caption-attachment-95645\" style=\"width: 534px\" class=\"wp-caption aligncenter\"><img loading=\"lazy\" decoding=\"async\" class=\"size-large wp-image-95645\" src=\"https:\/\/epochtimestr.com\/wp-content\/uploads\/2011y\/20160916AW850124_01-534x400.jpg\" alt=\"Naz\u0131m Hikmet K\u00fclt\u00fcr ve Sanat Vakf\u0131, bir s\u00fcredir akci\u011fer kanseri tedavisi g\u00f6ren T\u00fcrk sinemas\u0131n\u0131n \u00fcnl\u00fc oyuncusu Tar\u0131k Akan'\u0131n hayat\u0131n\u0131 kaybetti\u011fini a\u00e7\u0131klad\u0131. (\u0130HA\/\u0130STANBUL-\u0130HA)\" width=\"534\" height=\"400\" srcset=\"https:\/\/epochtimestr.com\/wp-content\/uploads\/2011y\/20160916AW850124_01-534x400.jpg 534w, https:\/\/epochtimestr.com\/wp-content\/uploads\/2011y\/20160916AW850124_01-600x450.jpg 600w, https:\/\/epochtimestr.com\/wp-content\/uploads\/2011y\/20160916AW850124_01-150x113.jpg 150w, https:\/\/epochtimestr.com\/wp-content\/uploads\/2011y\/20160916AW850124_01-300x225.jpg 300w, https:\/\/epochtimestr.com\/wp-content\/uploads\/2011y\/20160916AW850124_01-768x575.jpg 768w, https:\/\/epochtimestr.com\/wp-content\/uploads\/2011y\/20160916AW850124_01-342x256.jpg 342w, https:\/\/epochtimestr.com\/wp-content\/uploads\/2011y\/20160916AW850124_01-269x201.jpg 269w, https:\/\/epochtimestr.com\/wp-content\/uploads\/2011y\/20160916AW850124_01-292x219.jpg 292w, https:\/\/epochtimestr.com\/wp-content\/uploads\/2011y\/20160916AW850124_01-638x478.jpg 638w, https:\/\/epochtimestr.com\/wp-content\/uploads\/2011y\/20160916AW850124_01-629x471.jpg 629w, https:\/\/epochtimestr.com\/wp-content\/uploads\/2011y\/20160916AW850124_01.jpg 1300w\" sizes=\"(max-width: 534px) 100vw, 534px\" \/><figcaption id=\"caption-attachment-95645\" class=\"wp-caption-text\">Naz\u0131m Hikmet K\u00fclt\u00fcr ve Sanat Vakf\u0131, bir s\u00fcredir akci\u011fer kanseri tedavisi g\u00f6ren T\u00fcrk sinemas\u0131n\u0131n \u00fcnl\u00fc oyuncusu Tar\u0131k Akan&#8217;\u0131n hayat\u0131n\u0131 kaybetti\u011fini a\u00e7\u0131klad\u0131. (\u0130HA\/\u0130STANBUL-\u0130HA)<\/figcaption><\/figure>\n<h4><strong>N\u00e2z\u0131m Hikmet K\u00fclt\u00fcr ve Sanat Vakf\u0131, bir s\u00fcredir akci\u011fer kanseri tedavisi g\u00f6ren T\u00fcrk sinemas\u0131n\u0131n \u00fcnl\u00fc oyuncusu Tar\u0131k Akan&#8217;\u0131n hayat\u0131n\u0131 kaybetti\u011fini a\u00e7\u0131klad\u0131.<\/strong><\/h4>\n<p>T\u00fcrk sinemas\u0131n\u0131n \u00fcnl\u00fc oyuncusu Tar\u0131k Akan \u00a03 haftad\u0131r hastanede g\u00f6rd\u00fc\u011f\u00fc kanser tedavisinin ard\u0131ndan hayat\u0131n\u0131 kaybederek sevenlerini yasa bo\u011fdu. Hayat\u0131n\u0131 kaybeden \u00fcnl\u00fc sanat\u00e7\u0131 Tar\u0131k Akan i\u00e7in Pazar g\u00fcn\u00fc Muhsin Ertu\u011frul Sahnesi&#8217;nde saat 10.:00&#8217;da t\u00f6ren yap\u0131lacak. T\u00f6renin ard\u0131ndan Tar\u0131k Akan&#8217;\u0131n cenazesinin, Te\u015fvikiye Camii&#8217;nde \u00f6\u011fle namaz\u0131n\u0131 m\u00fcteakip k\u0131l\u0131nacak cenaze namaz\u0131n\u0131n ard\u0131ndan Bak\u0131rk\u00f6y&#8217;deki aile kabristan\u0131na defnedilece\u011fi \u00f6\u011frenildi.<\/p>\n<p><strong>Tar\u0131k Akan kimdir?<\/strong><\/p>\n<p>Tar\u0131k Akan, 13 Aral\u0131k 1949 tarihinde \u0130stanbul&#8217;da do\u011fdu. Ses Dergisi&#8217;nin yar\u0131\u015fmas\u0131nda birinci se\u00e7ilerek sinemaya girdi. Y\u0131ld\u0131z Teknik \u00dcniversitesi Makine M\u00fchendisli\u011fi ve Gazetecilik Enstit\u00fcs\u00fc&#8217;nden mezun oldu. 1971 y\u0131l\u0131nda ilk sinema filmi Emine ile oyunculuk kariyeri ba\u015flad\u0131. 1972 y\u0131l\u0131nda oynad\u0131\u011f\u0131 film Su\u00e7lu ile 1973 y\u0131l\u0131nda Alt\u0131n Portakal Film Festivali&#8217;nde En \u0130yi Erkek Oyuncu \u00f6d\u00fcl\u00fcn\u00fc ald\u0131. 1973 y\u0131l\u0131nda Ye\u015fil\u00e7am&#8217;\u0131n en iyi duygusal filmlerinden birisi olarak bilinen Can\u0131m Karde\u015fim (1973) adl\u0131 filmde Halit Ak\u00e7atepe ile ba\u015frol oynad\u0131. 1974 y\u0131l\u0131nda Ertem E\u011filmez&#8217;in y\u00f6netti\u011fi R\u0131fat Ilgaz&#8217;\u0131n ayn\u0131 adl\u0131 eserinden uyarlanan Hababam S\u0131n\u0131f\u0131 (1975) adl\u0131 filmde Damat Ferit adl\u0131 karakteri canland\u0131rd\u0131. Ard\u0131ndan Hababam S\u0131n\u0131f\u0131 S\u0131n\u0131fta Kald\u0131 (1976) adl\u0131, serinin ikinci filminde rol ald\u0131. Akan, 111 sinema filmi ve 4 televizyon dizisinde rol ald\u0131.<\/p>\n<p>1986 y\u0131l\u0131nda Yasemin Erkut ile evlenen oyuncunun ayn\u0131 y\u0131l Bar\u0131\u015f Zeki Ereg\u00fcl adl\u0131 o\u011flu d\u00fcnyaya gelmi\u015ftir. \u0130ki y\u0131l sonra, 1988 y\u0131l\u0131nda Ya\u015far \u00d6zg\u00fcr Ereg\u00fcl ve \u00d6zlem Ereg\u00fcl ad\u0131ndaki ikiz \u00e7ocuklar\u0131 d\u00fcnyaya gelmi\u015ftir.<\/p>\n<p>Oyuncu, evlendikten d\u00f6rt y\u0131l sonra 1989 y\u0131l\u0131nda bo\u015fanm\u0131\u015ft\u0131r. Akan&#8217;\u0131n, ilk \u00e7ocu\u011fu olan Bar\u0131\u015f Zeki Ereg\u00fcl 2009 y\u0131l\u0131nda Tar\u0131k Akan&#8217;\u0131n da oynad\u0131\u011f\u0131 &#8220;Deli Deli Olma&#8221; adl\u0131 filmde babas\u0131n\u0131n gen\u00e7li\u011fini oynayarak oyunculuk hayat\u0131na at\u0131lm\u0131\u015ft\u0131r.<br \/>\n1991 y\u0131l\u0131nda daha \u00f6nceleri kendisinin de okudu\u011fu Ta\u015f \u00d6zel \u0130lkokulu&#8217;nu alarak \u00d6zel Ta\u015f Koleji&#8217;ni kurdu. Aziz Nesin&#8217;in vefat\u0131ndan sonra g\u00f6revini devir alan o\u011flu Ali Nesin&#8217;den Nesin Vakf\u0131 ba\u015fkanl\u0131\u011f\u0131n\u0131 devrald\u0131.<br \/>\nTar\u0131k Akan&#8217;\u0131n kazand\u0131\u011f\u0131 \u00f6d\u00fcller \u015funlar:<\/p>\n<p>&#8220;1973 Antalya Alt\u0131n Portakal Film Festivali En \u0130yi Erkek Oyuncu Su\u00e7lu Kazand\u0131<br \/>\n1978 Antalya Alt\u0131n Portakal Film Festivali En \u0130yi Erkek Oyuncu Maden Kazand\u0131<br \/>\n1982 Cannes Film Festivali En \u0130yi Erkek Oyuncu Yol Aday<br \/>\n1984 Antalya Alt\u0131n Portakal Film Festivali En \u0130yi Erkek Oyuncu Pehlivan Kazand\u0131<br \/>\n1985 Berlin Uluslararas\u0131 Film Festivali G\u00fcm\u00fc\u015f Ay\u0131 Pehlivan Mansiyon<br \/>\n1989 Antalya Alt\u0131n Portakal Film Festivali En \u0130yi Erkek Oyuncu \u00dc\u00e7\u00fcnc\u00fc G\u00f6z Kazand\u0131<br \/>\n1990 Antalya Alt\u0131n Portakal Film Festivali En \u0130yi Erkek Oyuncu Karartma Geceleri Kazand\u0131<br \/>\n1992 Adana Alt\u0131n Koza Film Festivali En \u0130yi Erkek Oyuncu Karartma Geceleri Kazand\u0131<br \/>\n2003 Antalya Alt\u0131n Portakal Film Festivali En \u0130yi Erkek Oyuncu G\u00fcl\u00fcm Kazand\u0131<br \/>\n2006 Sinema Yazarlar\u0131 Derne\u011fi \u00d6d\u00fclleri Onur \u00d6d\u00fcl\u00fc -2007 \u00c7a\u011fda\u015f Sinema Oyuncular\u0131 Derne\u011fi \u00d6d\u00fclleri Sinema Emek \u00d6d\u00fcl\u00fc&#8221;.<\/p>\n","protected":false},"excerpt":{"rendered":"<p>N\u00e2z\u0131m Hikmet K\u00fclt\u00fcr ve Sanat Vakf\u0131, bir s\u00fcredir akci\u011fer kanseri tedavisi g\u00f6ren T\u00fcrk sinemas\u0131n\u0131n \u00fcnl\u00fc oyuncusu Tar\u0131k Akan&#8217;\u0131n hayat\u0131n\u0131 kaybetti\u011fini a\u00e7\u0131klad\u0131. T\u00fcrk sinemas\u0131n\u0131n \u00fcnl\u00fc oyuncusu Tar\u0131k Akan \u00a03 haftad\u0131r hastanede g\u00f6rd\u00fc\u011f\u00fc kanser tedavisinin ard\u0131ndan hayat\u0131n\u0131 kaybederek sevenlerini yasa bo\u011fdu. Hayat\u0131n\u0131 kaybeden \u00fcnl\u00fc sanat\u00e7\u0131 Tar\u0131k Akan i\u00e7in Pazar g\u00fcn\u00fc Muhsin Ertu\u011frul Sahnesi&#8217;nde saat 10.:00&#8217;da t\u00f6ren yap\u0131lacak. [&hellip;]<\/p>\n","protected":false},"author":22,"featured_media":95645,"comment_status":"open","ping_status":"open","sticky":false,"template":"","format":"standard","meta":{"_yoast_wpseo_focuskw":"","_yoast_wpseo_title":"","_yoast_wpseo_metadesc":"","_bbp_topic_count":0,"_bbp_reply_count":0,"_bbp_total_topic_count":0,"_bbp_total_reply_count":0,"_bbp_voice_count":0,"_bbp_anonymous_reply_count":0,"_bbp_topic_count_hidden":0,"_bbp_reply_count_hidden":0,"_bbp_forum_subforum_count":0,"footnotes":"","_yoast_wpseo_focuskw_text_input":""},"categories":[37],"tags":[],"yoast_head":"<!-- This site is optimized with the Yoast SEO plugin v23.0 - https:\/\/yoast.com\/wordpress\/plugins\/seo\/ -->\n<title>Tar\u0131k Akan Aram\u0131zdan Ayr\u0131ld\u0131 - The Epoch Times TR<\/title>\n<meta name=\"robots\" content=\"index, follow, max-snippet:-1, max-image-preview:large, max-video-preview:-1\" \/>\n<link rel=\"canonical\" href=\"https:\/\/epochtimestr.com\/index.php\/tarik-akan-aramizdan-ayrildi\" \/>\n<meta property=\"og:locale\" content=\"tr_TR\" \/>\n<meta property=\"og:type\" content=\"article\" \/>\n<meta property=\"og:title\" content=\"Tar\u0131k Akan Aram\u0131zdan Ayr\u0131ld\u0131 - The Epoch Times TR\" \/>\n<meta property=\"og:description\" content=\"N\u00e2z\u0131m Hikmet K\u00fclt\u00fcr ve Sanat Vakf\u0131, bir s\u00fcredir akci\u011fer kanseri tedavisi g\u00f6ren T\u00fcrk sinemas\u0131n\u0131n \u00fcnl\u00fc oyuncusu Tar\u0131k Akan&#8217;\u0131n hayat\u0131n\u0131 kaybetti\u011fini a\u00e7\u0131klad\u0131. T\u00fcrk sinemas\u0131n\u0131n \u00fcnl\u00fc oyuncusu Tar\u0131k Akan \u00a03 haftad\u0131r hastanede g\u00f6rd\u00fc\u011f\u00fc kanser tedavisinin ard\u0131ndan hayat\u0131n\u0131 kaybederek sevenlerini yasa bo\u011fdu. Hayat\u0131n\u0131 kaybeden \u00fcnl\u00fc sanat\u00e7\u0131 Tar\u0131k Akan i\u00e7in Pazar g\u00fcn\u00fc Muhsin Ertu\u011frul Sahnesi&#8217;nde saat 10.:00&#8217;da t\u00f6ren yap\u0131lacak. [&hellip;]\" \/>\n<meta property=\"og:url\" content=\"https:\/\/epochtimestr.com\/index.php\/tarik-akan-aramizdan-ayrildi\" \/>\n<meta property=\"og:site_name\" content=\"The Epoch Times TR\" \/>\n<meta property=\"article:publisher\" content=\"https:\/\/www.facebook.com\/theepochtimestr\" \/>\n<meta property=\"article:published_time\" content=\"2016-09-16T09:54:11+00:00\" \/>\n<meta property=\"article:modified_time\" content=\"2016-09-16T10:17:45+00:00\" \/>\n<meta property=\"og:image\" content=\"https:\/\/epochtimestr.com\/wp-content\/uploads\/2011y\/20160916AW850124_01.jpg\" \/>\n\t<meta property=\"og:image:width\" content=\"1300\" \/>\n\t<meta property=\"og:image:height\" content=\"974\" \/>\n\t<meta property=\"og:image:type\" content=\"image\/jpeg\" \/>\n<meta name=\"author\" content=\"G.Hakan Ko\u00e7man\" \/>\n<meta name=\"twitter:card\" content=\"summary_large_image\" \/>\n<meta name=\"twitter:creator\" content=\"@TheEpochTimesTR\" \/>\n<meta name=\"twitter:site\" content=\"@TheEpochTimesTR\" \/>\n<meta name=\"twitter:label1\" content=\"Yazan:\" \/>\n\t<meta name=\"twitter:data1\" content=\"G.Hakan Ko\u00e7man\" \/>\n\t<meta name=\"twitter:label2\" content=\"Tahmini okuma s\u00fcresi\" \/>\n\t<meta name=\"twitter:data2\" content=\"3 dakika\" \/>\n<script type=\"application\/ld+json\" class=\"yoast-schema-graph\">{\"@context\":\"https:\/\/schema.org\",\"@graph\":[{\"@type\":\"Article\",\"@id\":\"https:\/\/epochtimestr.com\/index.php\/tarik-akan-aramizdan-ayrildi#article\",\"isPartOf\":{\"@id\":\"https:\/\/epochtimestr.com\/index.php\/tarik-akan-aramizdan-ayrildi\"},\"author\":{\"name\":\"G.Hakan Ko\u00e7man\",\"@id\":\"https:\/\/epochtimestr.com\/#\/schema\/person\/b5509977c9a6cd729a3e74d9743d035b\"},\"headline\":\"Tar\u0131k Akan Aram\u0131zdan Ayr\u0131ld\u0131\",\"datePublished\":\"2016-09-16T09:54:11+00:00\",\"dateModified\":\"2016-09-16T10:17:45+00:00\",\"mainEntityOfPage\":{\"@id\":\"https:\/\/epochtimestr.com\/index.php\/tarik-akan-aramizdan-ayrildi\"},\"wordCount\":601,\"commentCount\":0,\"publisher\":{\"@id\":\"https:\/\/epochtimestr.com\/#organization\"},\"image\":{\"@id\":\"https:\/\/epochtimestr.com\/index.php\/tarik-akan-aramizdan-ayrildi#primaryimage\"},\"thumbnailUrl\":\"https:\/\/epochtimestr.com\/wp-content\/uploads\/2011y\/20160916AW850124_01.jpg\",\"articleSection\":[\"T\u00dcRK\u0130YE\"],\"inLanguage\":\"tr\",\"potentialAction\":[{\"@type\":\"CommentAction\",\"name\":\"Comment\",\"target\":[\"https:\/\/epochtimestr.com\/index.php\/tarik-akan-aramizdan-ayrildi#respond\"]}]},{\"@type\":\"WebPage\",\"@id\":\"https:\/\/epochtimestr.com\/index.php\/tarik-akan-aramizdan-ayrildi\",\"url\":\"https:\/\/epochtimestr.com\/index.php\/tarik-akan-aramizdan-ayrildi\",\"name\":\"Tar\u0131k Akan Aram\u0131zdan Ayr\u0131ld\u0131 - The Epoch Times TR\",\"isPartOf\":{\"@id\":\"https:\/\/epochtimestr.com\/#website\"},\"primaryImageOfPage\":{\"@id\":\"https:\/\/epochtimestr.com\/index.php\/tarik-akan-aramizdan-ayrildi#primaryimage\"},\"image\":{\"@id\":\"https:\/\/epochtimestr.com\/index.php\/tarik-akan-aramizdan-ayrildi#primaryimage\"},\"thumbnailUrl\":\"https:\/\/epochtimestr.com\/wp-content\/uploads\/2011y\/20160916AW850124_01.jpg\",\"datePublished\":\"2016-09-16T09:54:11+00:00\",\"dateModified\":\"2016-09-16T10:17:45+00:00\",\"inLanguage\":\"tr\",\"potentialAction\":[{\"@type\":\"ReadAction\",\"target\":[\"https:\/\/epochtimestr.com\/index.php\/tarik-akan-aramizdan-ayrildi\"]}]},{\"@type\":\"ImageObject\",\"inLanguage\":\"tr\",\"@id\":\"https:\/\/epochtimestr.com\/index.php\/tarik-akan-aramizdan-ayrildi#primaryimage\",\"url\":\"https:\/\/epochtimestr.com\/wp-content\/uploads\/2011y\/20160916AW850124_01.jpg\",\"contentUrl\":\"https:\/\/epochtimestr.com\/wp-content\/uploads\/2011y\/20160916AW850124_01.jpg\",\"width\":1300,\"height\":974,\"caption\":\"Naz\u0131m Hikmet K\u00fclt\u00fcr ve Sanat Vakf\u0131, bir s\u00fcredir akci\u011fer kanseri tedavisi g\u00f6ren T\u00fcrk sinemas\u0131n\u0131n \u00fcnl\u00fc oyuncusu Tar\u0131k Akan'\u0131n hayat\u0131n\u0131 kaybetti\u011fini a\u00e7\u0131klad\u0131. (\u0130HA\/\u0130STANBUL-\u0130HA)\"},{\"@type\":\"WebSite\",\"@id\":\"https:\/\/epochtimestr.com\/#website\",\"url\":\"https:\/\/epochtimestr.com\/\",\"name\":\"The Epoch Times TR\",\"description\":\"De\u011fi\u015fen D\u00fcnyam\u0131za Taze Bir Bak\u0131\u015f\",\"publisher\":{\"@id\":\"https:\/\/epochtimestr.com\/#organization\"},\"potentialAction\":[{\"@type\":\"SearchAction\",\"target\":{\"@type\":\"EntryPoint\",\"urlTemplate\":\"https:\/\/epochtimestr.com\/?s={search_term_string}\"},\"query-input\":\"required name=search_term_string\"}],\"inLanguage\":\"tr\"},{\"@type\":\"Organization\",\"@id\":\"https:\/\/epochtimestr.com\/#organization\",\"name\":\"The EpochTimes T\u00fcrkiye\",\"url\":\"https:\/\/epochtimestr.com\/\",\"logo\":{\"@type\":\"ImageObject\",\"inLanguage\":\"tr\",\"@id\":\"https:\/\/epochtimestr.com\/#\/schema\/logo\/image\/\",\"url\":\"https:\/\/epochtimestr.com\/wp-content\/uploads\/2011y\/ET-Logo-YG.jpg\",\"contentUrl\":\"https:\/\/epochtimestr.com\/wp-content\/uploads\/2011y\/ET-Logo-YG.jpg\",\"width\":346,\"height\":29,\"caption\":\"The EpochTimes T\u00fcrkiye\"},\"image\":{\"@id\":\"https:\/\/epochtimestr.com\/#\/schema\/logo\/image\/\"},\"sameAs\":[\"https:\/\/www.facebook.com\/theepochtimestr\",\"https:\/\/x.com\/TheEpochTimesTR\",\"https:\/\/www.instagram.com\/epochtimestr\"]},{\"@type\":\"Person\",\"@id\":\"https:\/\/epochtimestr.com\/#\/schema\/person\/b5509977c9a6cd729a3e74d9743d035b\",\"name\":\"G.Hakan Ko\u00e7man\",\"image\":{\"@type\":\"ImageObject\",\"inLanguage\":\"tr\",\"@id\":\"https:\/\/epochtimestr.com\/#\/schema\/person\/image\/\",\"url\":\"https:\/\/secure.gravatar.com\/avatar\/e4eafee1ab5d1f4015c3930376b22ca8?s=96&d=mm&r=g\",\"contentUrl\":\"https:\/\/secure.gravatar.com\/avatar\/e4eafee1ab5d1f4015c3930376b22ca8?s=96&d=mm&r=g\",\"caption\":\"G.Hakan Ko\u00e7man\"},\"url\":\"https:\/\/epochtimestr.com\/index.php\/author\/hakan\"}]}<\/script>\n<!-- \/ Yoast SEO plugin. -->","yoast_head_json":{"title":"Tar\u0131k Akan Aram\u0131zdan Ayr\u0131ld\u0131 - The Epoch Times TR","robots":{"index":"index","follow":"follow","max-snippet":"max-snippet:-1","max-image-preview":"max-image-preview:large","max-video-preview":"max-video-preview:-1"},"canonical":"https:\/\/epochtimestr.com\/index.php\/tarik-akan-aramizdan-ayrildi","og_locale":"tr_TR","og_type":"article","og_title":"Tar\u0131k Akan Aram\u0131zdan Ayr\u0131ld\u0131 - The Epoch Times TR","og_description":"N\u00e2z\u0131m Hikmet K\u00fclt\u00fcr ve Sanat Vakf\u0131, bir s\u00fcredir akci\u011fer kanseri tedavisi g\u00f6ren T\u00fcrk sinemas\u0131n\u0131n \u00fcnl\u00fc oyuncusu Tar\u0131k Akan&#8217;\u0131n hayat\u0131n\u0131 kaybetti\u011fini a\u00e7\u0131klad\u0131. T\u00fcrk sinemas\u0131n\u0131n \u00fcnl\u00fc oyuncusu Tar\u0131k Akan \u00a03 haftad\u0131r hastanede g\u00f6rd\u00fc\u011f\u00fc kanser tedavisinin ard\u0131ndan hayat\u0131n\u0131 kaybederek sevenlerini yasa bo\u011fdu. Hayat\u0131n\u0131 kaybeden \u00fcnl\u00fc sanat\u00e7\u0131 Tar\u0131k Akan i\u00e7in Pazar g\u00fcn\u00fc Muhsin Ertu\u011frul Sahnesi&#8217;nde saat 10.:00&#8217;da t\u00f6ren yap\u0131lacak. [&hellip;]","og_url":"https:\/\/epochtimestr.com\/index.php\/tarik-akan-aramizdan-ayrildi","og_site_name":"The Epoch Times TR","article_publisher":"https:\/\/www.facebook.com\/theepochtimestr","article_published_time":"2016-09-16T09:54:11+00:00","article_modified_time":"2016-09-16T10:17:45+00:00","og_image":[{"width":1300,"height":974,"url":"https:\/\/epochtimestr.com\/wp-content\/uploads\/2011y\/20160916AW850124_01.jpg","type":"image\/jpeg"}],"author":"G.Hakan Ko\u00e7man","twitter_card":"summary_large_image","twitter_creator":"@TheEpochTimesTR","twitter_site":"@TheEpochTimesTR","twitter_misc":{"Yazan:":"G.Hakan Ko\u00e7man","Tahmini okuma s\u00fcresi":"3 dakika"},"schema":{"@context":"https:\/\/schema.org","@graph":[{"@type":"Article","@id":"https:\/\/epochtimestr.com\/index.php\/tarik-akan-aramizdan-ayrildi#article","isPartOf":{"@id":"https:\/\/epochtimestr.com\/index.php\/tarik-akan-aramizdan-ayrildi"},"author":{"name":"G.Hakan Ko\u00e7man","@id":"https:\/\/epochtimestr.com\/#\/schema\/person\/b5509977c9a6cd729a3e74d9743d035b"},"headline":"Tar\u0131k Akan Aram\u0131zdan Ayr\u0131ld\u0131","datePublished":"2016-09-16T09:54:11+00:00","dateModified":"2016-09-16T10:17:45+00:00","mainEntityOfPage":{"@id":"https:\/\/epochtimestr.com\/index.php\/tarik-akan-aramizdan-ayrildi"},"wordCount":601,"commentCount":0,"publisher":{"@id":"https:\/\/epochtimestr.com\/#organization"},"image":{"@id":"https:\/\/epochtimestr.com\/index.php\/tarik-akan-aramizdan-ayrildi#primaryimage"},"thumbnailUrl":"https:\/\/epochtimestr.com\/wp-content\/uploads\/2011y\/20160916AW850124_01.jpg","articleSection":["T\u00dcRK\u0130YE"],"inLanguage":"tr","potentialAction":[{"@type":"CommentAction","name":"Comment","target":["https:\/\/epochtimestr.com\/index.php\/tarik-akan-aramizdan-ayrildi#respond"]}]},{"@type":"WebPage","@id":"https:\/\/epochtimestr.com\/index.php\/tarik-akan-aramizdan-ayrildi","url":"https:\/\/epochtimestr.com\/index.php\/tarik-akan-aramizdan-ayrildi","name":"Tar\u0131k Akan Aram\u0131zdan Ayr\u0131ld\u0131 - The Epoch Times TR","isPartOf":{"@id":"https:\/\/epochtimestr.com\/#website"},"primaryImageOfPage":{"@id":"https:\/\/epochtimestr.com\/index.php\/tarik-akan-aramizdan-ayrildi#primaryimage"},"image":{"@id":"https:\/\/epochtimestr.com\/index.php\/tarik-akan-aramizdan-ayrildi#primaryimage"},"thumbnailUrl":"https:\/\/epochtimestr.com\/wp-content\/uploads\/2011y\/20160916AW850124_01.jpg","datePublished":"2016-09-16T09:54:11+00:00","dateModified":"2016-09-16T10:17:45+00:00","inLanguage":"tr","potentialAction":[{"@type":"ReadAction","target":["https:\/\/epochtimestr.com\/index.php\/tarik-akan-aramizdan-ayrildi"]}]},{"@type":"ImageObject","inLanguage":"tr","@id":"https:\/\/epochtimestr.com\/index.php\/tarik-akan-aramizdan-ayrildi#primaryimage","url":"https:\/\/epochtimestr.com\/wp-content\/uploads\/2011y\/20160916AW850124_01.jpg","contentUrl":"https:\/\/epochtimestr.com\/wp-content\/uploads\/2011y\/20160916AW850124_01.jpg","width":1300,"height":974,"caption":"Naz\u0131m Hikmet K\u00fclt\u00fcr ve Sanat Vakf\u0131, bir s\u00fcredir akci\u011fer kanseri tedavisi g\u00f6ren T\u00fcrk sinemas\u0131n\u0131n \u00fcnl\u00fc oyuncusu Tar\u0131k Akan'\u0131n hayat\u0131n\u0131 kaybetti\u011fini a\u00e7\u0131klad\u0131. (\u0130HA\/\u0130STANBUL-\u0130HA)"},{"@type":"WebSite","@id":"https:\/\/epochtimestr.com\/#website","url":"https:\/\/epochtimestr.com\/","name":"The Epoch Times TR","description":"De\u011fi\u015fen D\u00fcnyam\u0131za Taze Bir Bak\u0131\u015f","publisher":{"@id":"https:\/\/epochtimestr.com\/#organization"},"potentialAction":[{"@type":"SearchAction","target":{"@type":"EntryPoint","urlTemplate":"https:\/\/epochtimestr.com\/?s={search_term_string}"},"query-input":"required name=search_term_string"}],"inLanguage":"tr"},{"@type":"Organization","@id":"https:\/\/epochtimestr.com\/#organization","name":"The EpochTimes T\u00fcrkiye","url":"https:\/\/epochtimestr.com\/","logo":{"@type":"ImageObject","inLanguage":"tr","@id":"https:\/\/epochtimestr.com\/#\/schema\/logo\/image\/","url":"https:\/\/epochtimestr.com\/wp-content\/uploads\/2011y\/ET-Logo-YG.jpg","contentUrl":"https:\/\/epochtimestr.com\/wp-content\/uploads\/2011y\/ET-Logo-YG.jpg","width":346,"height":29,"caption":"The EpochTimes T\u00fcrkiye"},"image":{"@id":"https:\/\/epochtimestr.com\/#\/schema\/logo\/image\/"},"sameAs":["https:\/\/www.facebook.com\/theepochtimestr","https:\/\/x.com\/TheEpochTimesTR","https:\/\/www.instagram.com\/epochtimestr"]},{"@type":"Person","@id":"https:\/\/epochtimestr.com\/#\/schema\/person\/b5509977c9a6cd729a3e74d9743d035b","name":"G.Hakan Ko\u00e7man","image":{"@type":"ImageObject","inLanguage":"tr","@id":"https:\/\/epochtimestr.com\/#\/schema\/person\/image\/","url":"https:\/\/secure.gravatar.com\/avatar\/e4eafee1ab5d1f4015c3930376b22ca8?s=96&d=mm&r=g","contentUrl":"https:\/\/secure.gravatar.com\/avatar\/e4eafee1ab5d1f4015c3930376b22ca8?s=96&d=mm&r=g","caption":"G.Hakan Ko\u00e7man"},"url":"https:\/\/epochtimestr.com\/index.php\/author\/hakan"}]}},"_links":{"self":[{"href":"https:\/\/epochtimestr.com\/index.php\/wp-json\/wp\/v2\/posts\/95644"}],"collection":[{"href":"https:\/\/epochtimestr.com\/index.php\/wp-json\/wp\/v2\/posts"}],"about":[{"href":"https:\/\/epochtimestr.com\/index.php\/wp-json\/wp\/v2\/types\/post"}],"author":[{"embeddable":true,"href":"https:\/\/epochtimestr.com\/index.php\/wp-json\/wp\/v2\/users\/22"}],"replies":[{"embeddable":true,"href":"https:\/\/epochtimestr.com\/index.php\/wp-json\/wp\/v2\/comments?post=95644"}],"version-history":[{"count":4,"href":"https:\/\/epochtimestr.com\/index.php\/wp-json\/wp\/v2\/posts\/95644\/revisions"}],"predecessor-version":[{"id":95649,"href":"https:\/\/epochtimestr.com\/index.php\/wp-json\/wp\/v2\/posts\/95644\/revisions\/95649"}],"wp:featuredmedia":[{"embeddable":true,"href":"https:\/\/epochtimestr.com\/index.php\/wp-json\/wp\/v2\/media\/95645"}],"wp:attachment":[{"href":"https:\/\/epochtimestr.com\/index.php\/wp-json\/wp\/v2\/media?parent=95644"}],"wp:term":[{"taxonomy":"category","embeddable":true,"href":"https:\/\/epochtimestr.com\/index.php\/wp-json\/wp\/v2\/categories?post=95644"},{"taxonomy":"post_tag","embeddable":true,"href":"https:\/\/epochtimestr.com\/index.php\/wp-json\/wp\/v2\/tags?post=95644"}],"curies":[{"name":"wp","href":"https:\/\/api.w.org\/{rel}","templated":true}]}}