{"id":95762,"date":"2016-09-25T13:49:29","date_gmt":"2016-09-25T10:49:29","guid":{"rendered":"http:\/\/epochtimestr.com\/?p=95762"},"modified":"2016-09-25T13:49:50","modified_gmt":"2016-09-25T10:49:50","slug":"basbakan-yildirim-yegenin-nikah-sahidi-oldu","status":"publish","type":"post","link":"https:\/\/epochtimestr.com\/index.php\/basbakan-yildirim-yegenin-nikah-sahidi-oldu","title":{"rendered":"Ba\u015fbakan Y\u0131ld\u0131r\u0131m Ye\u011fenin Nikah \u015eahidi Oldu"},"content":{"rendered":"<figure id=\"attachment_95763\" aria-describedby=\"caption-attachment-95763\" style=\"width: 597px\" class=\"wp-caption aligncenter\"><img loading=\"lazy\" decoding=\"async\" class=\"size-large wp-image-95763\" src=\"https:\/\/epochtimestr.com\/wp-content\/uploads\/2011y\/20160924AW856478_03-597x400.jpg\" alt=\"Ba\u015fbakan Y\u0131ld\u0131r\u0131m ye\u011fenin nikah\u0131nda \u015fahit olarak imza atarken. (\u0130HA\/\u0130STANBUL)\" width=\"597\" height=\"400\" srcset=\"https:\/\/epochtimestr.com\/wp-content\/uploads\/2011y\/20160924AW856478_03-597x400.jpg 597w, https:\/\/epochtimestr.com\/wp-content\/uploads\/2011y\/20160924AW856478_03-600x402.jpg 600w, https:\/\/epochtimestr.com\/wp-content\/uploads\/2011y\/20160924AW856478_03-150x100.jpg 150w, https:\/\/epochtimestr.com\/wp-content\/uploads\/2011y\/20160924AW856478_03-300x201.jpg 300w, https:\/\/epochtimestr.com\/wp-content\/uploads\/2011y\/20160924AW856478_03-768x514.jpg 768w, https:\/\/epochtimestr.com\/wp-content\/uploads\/2011y\/20160924AW856478_03-292x196.jpg 292w, https:\/\/epochtimestr.com\/wp-content\/uploads\/2011y\/20160924AW856478_03-638x427.jpg 638w, https:\/\/epochtimestr.com\/wp-content\/uploads\/2011y\/20160924AW856478_03-629x421.jpg 629w, https:\/\/epochtimestr.com\/wp-content\/uploads\/2011y\/20160924AW856478_03.jpg 969w\" sizes=\"(max-width: 597px) 100vw, 597px\" \/><figcaption id=\"caption-attachment-95763\" class=\"wp-caption-text\">Ba\u015fbakan Y\u0131ld\u0131r\u0131m ye\u011fenin nikah\u0131nda \u015fahit olarak imza atarken. (\u0130HA\/\u0130STANBUL)<\/figcaption><\/figure>\n<h4>Ba\u015fbakan Binali Y\u0131ld\u0131r\u0131m, ye\u011feninin nikah \u015fahidi oldu. Nikah t\u00f6reninde konu\u015fan Ba\u015fbakan Y\u0131ld\u0131r\u0131m, evlilikte mutlulu\u011fun form\u00fcl\u00fcn\u00fcn &#8220;peki&#8221; demek oldu\u011funu vurgulad\u0131.<\/h4>\n<p>Ba\u015fbakan Binali Y\u0131ld\u0131r\u0131m \u00a0e\u015fi Semiha Y\u0131ld\u0131r\u0131m ile birlikte karde\u015fi Ey\u00fcp Y\u0131ld\u0131r\u0131m&#8217;\u0131n k\u0131z\u0131 Emine Y\u0131ld\u0131r\u0131m&#8217;\u0131n \u00c7ekmek\u00f6y Sosyal Tesisleri ve Nikah Salonu&#8217;nda yap\u0131lan nikah t\u00f6renine kat\u0131ld\u0131. Ba\u015fbakan Binali Y\u0131ld\u0131r\u0131m\u2019\u0131n ye\u011feni Emine Y\u0131ld\u0131r\u0131m&#8217;\u0131n G\u00f6khan Y\u00fccekaya \u00a0ile velnedi\u011fi d\u00fc\u011f\u00fcn Kur&#8217;an tilaveti ve dua ile ba\u015flad\u0131. Nikah memurlu\u011funu \u00c7ekmek\u00f6y Belediye Ba\u015fkan\u0131 Ahmet Poyraz\u2019\u0131n yapt\u0131\u011f\u0131 nikahta Ba\u015fbakan Y\u0131ld\u0131r\u0131m ye\u011feni Emine Y\u0131ld\u0131r\u0131m\u2019\u0131n da nikah \u015fahitli\u011fini yapt\u0131. Ba\u015fbakan Y\u0131ld\u0131r\u0131m\u2019\u0131n yan\u0131 s\u0131ra\u00a0 Ula\u015ft\u0131rma Bakan\u0131 Ahmet Arslan, Milli E\u011fitim Bakan\u0131 \u0130smet Y\u0131lmaz, TBMM Ba\u015fkan Vekili Ahmet Ayd\u0131n, AK Parti Ad\u0131yaman Milletvekili Salih F\u0131rat da \u00e7iftin nikah \u015fahitleri aras\u0131nda yer ald\u0131.<\/p>\n<p>Nikahta yapt\u0131\u011f\u0131 \u00a0k\u0131sa konu\u015fmada \u00a0evlilikte mutlulu\u011fun form\u00fcl\u00fcn\u00fcn \u00a0&#8220;peki&#8221; demek oldu\u011funu vurgulayan Ba\u015fbakan Y\u0131ld\u0131r\u0131m, gelin ve damada uyar\u0131larda bulundu. Ba\u015fbakan Y\u0131ld\u0131r\u0131m, &#8220;Evlili\u011fin s\u0131rr\u0131 nedir biliyor musun?&#8221; diye sorduktan sonra, &#8220;itaat et, rahat et&#8221; diye cevap verdi. Ba\u015fbakan Y\u0131ld\u0131r\u0131m devamla ye\u011fenine, &#8220;Emine, sen de havaya girme. G\u00f6khan hiddetlendi\u011finde &#8216;peki&#8217; demesini bilmelisin&#8221; dedi.<\/p>\n","protected":false},"excerpt":{"rendered":"<p>Ba\u015fbakan Binali Y\u0131ld\u0131r\u0131m, ye\u011feninin nikah \u015fahidi oldu. Nikah t\u00f6reninde konu\u015fan Ba\u015fbakan Y\u0131ld\u0131r\u0131m, evlilikte mutlulu\u011fun form\u00fcl\u00fcn\u00fcn &#8220;peki&#8221; demek oldu\u011funu vurgulad\u0131. Ba\u015fbakan Binali Y\u0131ld\u0131r\u0131m \u00a0e\u015fi Semiha Y\u0131ld\u0131r\u0131m ile birlikte karde\u015fi Ey\u00fcp Y\u0131ld\u0131r\u0131m&#8217;\u0131n k\u0131z\u0131 Emine Y\u0131ld\u0131r\u0131m&#8217;\u0131n \u00c7ekmek\u00f6y Sosyal Tesisleri ve Nikah Salonu&#8217;nda yap\u0131lan nikah t\u00f6renine kat\u0131ld\u0131. Ba\u015fbakan Binali Y\u0131ld\u0131r\u0131m\u2019\u0131n ye\u011feni Emine Y\u0131ld\u0131r\u0131m&#8217;\u0131n G\u00f6khan Y\u00fccekaya \u00a0ile velnedi\u011fi d\u00fc\u011f\u00fcn Kur&#8217;an [&hellip;]<\/p>\n","protected":false},"author":22,"featured_media":95763,"comment_status":"open","ping_status":"open","sticky":false,"template":"","format":"standard","meta":{"_yoast_wpseo_focuskw":"","_yoast_wpseo_title":"","_yoast_wpseo_metadesc":"","_bbp_topic_count":0,"_bbp_reply_count":0,"_bbp_total_topic_count":0,"_bbp_total_reply_count":0,"_bbp_voice_count":0,"_bbp_anonymous_reply_count":0,"_bbp_topic_count_hidden":0,"_bbp_reply_count_hidden":0,"_bbp_forum_subforum_count":0,"footnotes":"","_yoast_wpseo_focuskw_text_input":""},"categories":[37],"tags":[],"yoast_head":"<!-- This site is optimized with the Yoast SEO plugin v23.0 - https:\/\/yoast.com\/wordpress\/plugins\/seo\/ -->\n<title>Ba\u015fbakan Y\u0131ld\u0131r\u0131m Ye\u011fenin Nikah \u015eahidi Oldu - The Epoch Times TR<\/title>\n<meta name=\"robots\" content=\"index, follow, max-snippet:-1, max-image-preview:large, max-video-preview:-1\" \/>\n<link rel=\"canonical\" href=\"https:\/\/epochtimestr.com\/index.php\/basbakan-yildirim-yegenin-nikah-sahidi-oldu\" \/>\n<meta property=\"og:locale\" content=\"tr_TR\" \/>\n<meta property=\"og:type\" content=\"article\" \/>\n<meta property=\"og:title\" content=\"Ba\u015fbakan Y\u0131ld\u0131r\u0131m Ye\u011fenin Nikah \u015eahidi Oldu - The Epoch Times TR\" \/>\n<meta property=\"og:description\" content=\"Ba\u015fbakan Binali Y\u0131ld\u0131r\u0131m, ye\u011feninin nikah \u015fahidi oldu. Nikah t\u00f6reninde konu\u015fan Ba\u015fbakan Y\u0131ld\u0131r\u0131m, evlilikte mutlulu\u011fun form\u00fcl\u00fcn\u00fcn &#8220;peki&#8221; demek oldu\u011funu vurgulad\u0131. Ba\u015fbakan Binali Y\u0131ld\u0131r\u0131m \u00a0e\u015fi Semiha Y\u0131ld\u0131r\u0131m ile birlikte karde\u015fi Ey\u00fcp Y\u0131ld\u0131r\u0131m&#8217;\u0131n k\u0131z\u0131 Emine Y\u0131ld\u0131r\u0131m&#8217;\u0131n \u00c7ekmek\u00f6y Sosyal Tesisleri ve Nikah Salonu&#8217;nda yap\u0131lan nikah t\u00f6renine kat\u0131ld\u0131. Ba\u015fbakan Binali Y\u0131ld\u0131r\u0131m\u2019\u0131n ye\u011feni Emine Y\u0131ld\u0131r\u0131m&#8217;\u0131n G\u00f6khan Y\u00fccekaya \u00a0ile velnedi\u011fi d\u00fc\u011f\u00fcn Kur&#8217;an [&hellip;]\" \/>\n<meta property=\"og:url\" content=\"https:\/\/epochtimestr.com\/index.php\/basbakan-yildirim-yegenin-nikah-sahidi-oldu\" \/>\n<meta property=\"og:site_name\" content=\"The Epoch Times TR\" \/>\n<meta property=\"article:publisher\" content=\"https:\/\/www.facebook.com\/theepochtimestr\" \/>\n<meta property=\"article:published_time\" content=\"2016-09-25T10:49:29+00:00\" \/>\n<meta property=\"article:modified_time\" content=\"2016-09-25T10:49:50+00:00\" \/>\n<meta property=\"og:image\" content=\"https:\/\/epochtimestr.com\/wp-content\/uploads\/2011y\/20160924AW856478_03.jpg\" \/>\n\t<meta property=\"og:image:width\" content=\"969\" \/>\n\t<meta property=\"og:image:height\" content=\"649\" \/>\n\t<meta property=\"og:image:type\" content=\"image\/jpeg\" \/>\n<meta name=\"author\" content=\"G.Hakan Ko\u00e7man\" \/>\n<meta name=\"twitter:card\" content=\"summary_large_image\" \/>\n<meta name=\"twitter:creator\" content=\"@TheEpochTimesTR\" \/>\n<meta name=\"twitter:site\" content=\"@TheEpochTimesTR\" \/>\n<meta name=\"twitter:label1\" content=\"Yazan:\" \/>\n\t<meta name=\"twitter:data1\" content=\"G.Hakan Ko\u00e7man\" \/>\n\t<meta name=\"twitter:label2\" content=\"Tahmini okuma s\u00fcresi\" \/>\n\t<meta name=\"twitter:data2\" content=\"1 dakika\" \/>\n<script type=\"application\/ld+json\" class=\"yoast-schema-graph\">{\"@context\":\"https:\/\/schema.org\",\"@graph\":[{\"@type\":\"Article\",\"@id\":\"https:\/\/epochtimestr.com\/index.php\/basbakan-yildirim-yegenin-nikah-sahidi-oldu#article\",\"isPartOf\":{\"@id\":\"https:\/\/epochtimestr.com\/index.php\/basbakan-yildirim-yegenin-nikah-sahidi-oldu\"},\"author\":{\"name\":\"G.Hakan Ko\u00e7man\",\"@id\":\"https:\/\/epochtimestr.com\/#\/schema\/person\/b5509977c9a6cd729a3e74d9743d035b\"},\"headline\":\"Ba\u015fbakan Y\u0131ld\u0131r\u0131m Ye\u011fenin Nikah \u015eahidi Oldu\",\"datePublished\":\"2016-09-25T10:49:29+00:00\",\"dateModified\":\"2016-09-25T10:49:50+00:00\",\"mainEntityOfPage\":{\"@id\":\"https:\/\/epochtimestr.com\/index.php\/basbakan-yildirim-yegenin-nikah-sahidi-oldu\"},\"wordCount\":301,\"commentCount\":0,\"publisher\":{\"@id\":\"https:\/\/epochtimestr.com\/#organization\"},\"image\":{\"@id\":\"https:\/\/epochtimestr.com\/index.php\/basbakan-yildirim-yegenin-nikah-sahidi-oldu#primaryimage\"},\"thumbnailUrl\":\"https:\/\/epochtimestr.com\/wp-content\/uploads\/2011y\/20160924AW856478_03.jpg\",\"articleSection\":[\"T\u00dcRK\u0130YE\"],\"inLanguage\":\"tr\",\"potentialAction\":[{\"@type\":\"CommentAction\",\"name\":\"Comment\",\"target\":[\"https:\/\/epochtimestr.com\/index.php\/basbakan-yildirim-yegenin-nikah-sahidi-oldu#respond\"]}]},{\"@type\":\"WebPage\",\"@id\":\"https:\/\/epochtimestr.com\/index.php\/basbakan-yildirim-yegenin-nikah-sahidi-oldu\",\"url\":\"https:\/\/epochtimestr.com\/index.php\/basbakan-yildirim-yegenin-nikah-sahidi-oldu\",\"name\":\"Ba\u015fbakan Y\u0131ld\u0131r\u0131m Ye\u011fenin Nikah \u015eahidi Oldu - The Epoch Times TR\",\"isPartOf\":{\"@id\":\"https:\/\/epochtimestr.com\/#website\"},\"primaryImageOfPage\":{\"@id\":\"https:\/\/epochtimestr.com\/index.php\/basbakan-yildirim-yegenin-nikah-sahidi-oldu#primaryimage\"},\"image\":{\"@id\":\"https:\/\/epochtimestr.com\/index.php\/basbakan-yildirim-yegenin-nikah-sahidi-oldu#primaryimage\"},\"thumbnailUrl\":\"https:\/\/epochtimestr.com\/wp-content\/uploads\/2011y\/20160924AW856478_03.jpg\",\"datePublished\":\"2016-09-25T10:49:29+00:00\",\"dateModified\":\"2016-09-25T10:49:50+00:00\",\"inLanguage\":\"tr\",\"potentialAction\":[{\"@type\":\"ReadAction\",\"target\":[\"https:\/\/epochtimestr.com\/index.php\/basbakan-yildirim-yegenin-nikah-sahidi-oldu\"]}]},{\"@type\":\"ImageObject\",\"inLanguage\":\"tr\",\"@id\":\"https:\/\/epochtimestr.com\/index.php\/basbakan-yildirim-yegenin-nikah-sahidi-oldu#primaryimage\",\"url\":\"https:\/\/epochtimestr.com\/wp-content\/uploads\/2011y\/20160924AW856478_03.jpg\",\"contentUrl\":\"https:\/\/epochtimestr.com\/wp-content\/uploads\/2011y\/20160924AW856478_03.jpg\",\"width\":969,\"height\":649,\"caption\":\"Ba\u015fbakan Y\u0131ld\u0131r\u0131m ye\u011fenin nikah\u0131nda \u015fahit olarak imza atarken. (\u0130HA\/\u0130STANBUL)\"},{\"@type\":\"WebSite\",\"@id\":\"https:\/\/epochtimestr.com\/#website\",\"url\":\"https:\/\/epochtimestr.com\/\",\"name\":\"The Epoch Times TR\",\"description\":\"De\u011fi\u015fen D\u00fcnyam\u0131za Taze Bir Bak\u0131\u015f\",\"publisher\":{\"@id\":\"https:\/\/epochtimestr.com\/#organization\"},\"potentialAction\":[{\"@type\":\"SearchAction\",\"target\":{\"@type\":\"EntryPoint\",\"urlTemplate\":\"https:\/\/epochtimestr.com\/?s={search_term_string}\"},\"query-input\":\"required name=search_term_string\"}],\"inLanguage\":\"tr\"},{\"@type\":\"Organization\",\"@id\":\"https:\/\/epochtimestr.com\/#organization\",\"name\":\"The EpochTimes T\u00fcrkiye\",\"url\":\"https:\/\/epochtimestr.com\/\",\"logo\":{\"@type\":\"ImageObject\",\"inLanguage\":\"tr\",\"@id\":\"https:\/\/epochtimestr.com\/#\/schema\/logo\/image\/\",\"url\":\"https:\/\/epochtimestr.com\/wp-content\/uploads\/2011y\/ET-Logo-YG.jpg\",\"contentUrl\":\"https:\/\/epochtimestr.com\/wp-content\/uploads\/2011y\/ET-Logo-YG.jpg\",\"width\":346,\"height\":29,\"caption\":\"The EpochTimes T\u00fcrkiye\"},\"image\":{\"@id\":\"https:\/\/epochtimestr.com\/#\/schema\/logo\/image\/\"},\"sameAs\":[\"https:\/\/www.facebook.com\/theepochtimestr\",\"https:\/\/x.com\/TheEpochTimesTR\",\"https:\/\/www.instagram.com\/epochtimestr\"]},{\"@type\":\"Person\",\"@id\":\"https:\/\/epochtimestr.com\/#\/schema\/person\/b5509977c9a6cd729a3e74d9743d035b\",\"name\":\"G.Hakan Ko\u00e7man\",\"image\":{\"@type\":\"ImageObject\",\"inLanguage\":\"tr\",\"@id\":\"https:\/\/epochtimestr.com\/#\/schema\/person\/image\/\",\"url\":\"https:\/\/secure.gravatar.com\/avatar\/e4eafee1ab5d1f4015c3930376b22ca8?s=96&d=mm&r=g\",\"contentUrl\":\"https:\/\/secure.gravatar.com\/avatar\/e4eafee1ab5d1f4015c3930376b22ca8?s=96&d=mm&r=g\",\"caption\":\"G.Hakan Ko\u00e7man\"},\"url\":\"https:\/\/epochtimestr.com\/index.php\/author\/hakan\"}]}<\/script>\n<!-- \/ Yoast SEO plugin. -->","yoast_head_json":{"title":"Ba\u015fbakan Y\u0131ld\u0131r\u0131m Ye\u011fenin Nikah \u015eahidi Oldu - The Epoch Times TR","robots":{"index":"index","follow":"follow","max-snippet":"max-snippet:-1","max-image-preview":"max-image-preview:large","max-video-preview":"max-video-preview:-1"},"canonical":"https:\/\/epochtimestr.com\/index.php\/basbakan-yildirim-yegenin-nikah-sahidi-oldu","og_locale":"tr_TR","og_type":"article","og_title":"Ba\u015fbakan Y\u0131ld\u0131r\u0131m Ye\u011fenin Nikah \u015eahidi Oldu - The Epoch Times TR","og_description":"Ba\u015fbakan Binali Y\u0131ld\u0131r\u0131m, ye\u011feninin nikah \u015fahidi oldu. Nikah t\u00f6reninde konu\u015fan Ba\u015fbakan Y\u0131ld\u0131r\u0131m, evlilikte mutlulu\u011fun form\u00fcl\u00fcn\u00fcn &#8220;peki&#8221; demek oldu\u011funu vurgulad\u0131. Ba\u015fbakan Binali Y\u0131ld\u0131r\u0131m \u00a0e\u015fi Semiha Y\u0131ld\u0131r\u0131m ile birlikte karde\u015fi Ey\u00fcp Y\u0131ld\u0131r\u0131m&#8217;\u0131n k\u0131z\u0131 Emine Y\u0131ld\u0131r\u0131m&#8217;\u0131n \u00c7ekmek\u00f6y Sosyal Tesisleri ve Nikah Salonu&#8217;nda yap\u0131lan nikah t\u00f6renine kat\u0131ld\u0131. Ba\u015fbakan Binali Y\u0131ld\u0131r\u0131m\u2019\u0131n ye\u011feni Emine Y\u0131ld\u0131r\u0131m&#8217;\u0131n G\u00f6khan Y\u00fccekaya \u00a0ile velnedi\u011fi d\u00fc\u011f\u00fcn Kur&#8217;an [&hellip;]","og_url":"https:\/\/epochtimestr.com\/index.php\/basbakan-yildirim-yegenin-nikah-sahidi-oldu","og_site_name":"The Epoch Times TR","article_publisher":"https:\/\/www.facebook.com\/theepochtimestr","article_published_time":"2016-09-25T10:49:29+00:00","article_modified_time":"2016-09-25T10:49:50+00:00","og_image":[{"width":969,"height":649,"url":"https:\/\/epochtimestr.com\/wp-content\/uploads\/2011y\/20160924AW856478_03.jpg","type":"image\/jpeg"}],"author":"G.Hakan Ko\u00e7man","twitter_card":"summary_large_image","twitter_creator":"@TheEpochTimesTR","twitter_site":"@TheEpochTimesTR","twitter_misc":{"Yazan:":"G.Hakan Ko\u00e7man","Tahmini okuma s\u00fcresi":"1 dakika"},"schema":{"@context":"https:\/\/schema.org","@graph":[{"@type":"Article","@id":"https:\/\/epochtimestr.com\/index.php\/basbakan-yildirim-yegenin-nikah-sahidi-oldu#article","isPartOf":{"@id":"https:\/\/epochtimestr.com\/index.php\/basbakan-yildirim-yegenin-nikah-sahidi-oldu"},"author":{"name":"G.Hakan Ko\u00e7man","@id":"https:\/\/epochtimestr.com\/#\/schema\/person\/b5509977c9a6cd729a3e74d9743d035b"},"headline":"Ba\u015fbakan Y\u0131ld\u0131r\u0131m Ye\u011fenin Nikah \u015eahidi Oldu","datePublished":"2016-09-25T10:49:29+00:00","dateModified":"2016-09-25T10:49:50+00:00","mainEntityOfPage":{"@id":"https:\/\/epochtimestr.com\/index.php\/basbakan-yildirim-yegenin-nikah-sahidi-oldu"},"wordCount":301,"commentCount":0,"publisher":{"@id":"https:\/\/epochtimestr.com\/#organization"},"image":{"@id":"https:\/\/epochtimestr.com\/index.php\/basbakan-yildirim-yegenin-nikah-sahidi-oldu#primaryimage"},"thumbnailUrl":"https:\/\/epochtimestr.com\/wp-content\/uploads\/2011y\/20160924AW856478_03.jpg","articleSection":["T\u00dcRK\u0130YE"],"inLanguage":"tr","potentialAction":[{"@type":"CommentAction","name":"Comment","target":["https:\/\/epochtimestr.com\/index.php\/basbakan-yildirim-yegenin-nikah-sahidi-oldu#respond"]}]},{"@type":"WebPage","@id":"https:\/\/epochtimestr.com\/index.php\/basbakan-yildirim-yegenin-nikah-sahidi-oldu","url":"https:\/\/epochtimestr.com\/index.php\/basbakan-yildirim-yegenin-nikah-sahidi-oldu","name":"Ba\u015fbakan Y\u0131ld\u0131r\u0131m Ye\u011fenin Nikah \u015eahidi Oldu - The Epoch Times TR","isPartOf":{"@id":"https:\/\/epochtimestr.com\/#website"},"primaryImageOfPage":{"@id":"https:\/\/epochtimestr.com\/index.php\/basbakan-yildirim-yegenin-nikah-sahidi-oldu#primaryimage"},"image":{"@id":"https:\/\/epochtimestr.com\/index.php\/basbakan-yildirim-yegenin-nikah-sahidi-oldu#primaryimage"},"thumbnailUrl":"https:\/\/epochtimestr.com\/wp-content\/uploads\/2011y\/20160924AW856478_03.jpg","datePublished":"2016-09-25T10:49:29+00:00","dateModified":"2016-09-25T10:49:50+00:00","inLanguage":"tr","potentialAction":[{"@type":"ReadAction","target":["https:\/\/epochtimestr.com\/index.php\/basbakan-yildirim-yegenin-nikah-sahidi-oldu"]}]},{"@type":"ImageObject","inLanguage":"tr","@id":"https:\/\/epochtimestr.com\/index.php\/basbakan-yildirim-yegenin-nikah-sahidi-oldu#primaryimage","url":"https:\/\/epochtimestr.com\/wp-content\/uploads\/2011y\/20160924AW856478_03.jpg","contentUrl":"https:\/\/epochtimestr.com\/wp-content\/uploads\/2011y\/20160924AW856478_03.jpg","width":969,"height":649,"caption":"Ba\u015fbakan Y\u0131ld\u0131r\u0131m ye\u011fenin nikah\u0131nda \u015fahit olarak imza atarken. (\u0130HA\/\u0130STANBUL)"},{"@type":"WebSite","@id":"https:\/\/epochtimestr.com\/#website","url":"https:\/\/epochtimestr.com\/","name":"The Epoch Times TR","description":"De\u011fi\u015fen D\u00fcnyam\u0131za Taze Bir Bak\u0131\u015f","publisher":{"@id":"https:\/\/epochtimestr.com\/#organization"},"potentialAction":[{"@type":"SearchAction","target":{"@type":"EntryPoint","urlTemplate":"https:\/\/epochtimestr.com\/?s={search_term_string}"},"query-input":"required name=search_term_string"}],"inLanguage":"tr"},{"@type":"Organization","@id":"https:\/\/epochtimestr.com\/#organization","name":"The EpochTimes T\u00fcrkiye","url":"https:\/\/epochtimestr.com\/","logo":{"@type":"ImageObject","inLanguage":"tr","@id":"https:\/\/epochtimestr.com\/#\/schema\/logo\/image\/","url":"https:\/\/epochtimestr.com\/wp-content\/uploads\/2011y\/ET-Logo-YG.jpg","contentUrl":"https:\/\/epochtimestr.com\/wp-content\/uploads\/2011y\/ET-Logo-YG.jpg","width":346,"height":29,"caption":"The EpochTimes T\u00fcrkiye"},"image":{"@id":"https:\/\/epochtimestr.com\/#\/schema\/logo\/image\/"},"sameAs":["https:\/\/www.facebook.com\/theepochtimestr","https:\/\/x.com\/TheEpochTimesTR","https:\/\/www.instagram.com\/epochtimestr"]},{"@type":"Person","@id":"https:\/\/epochtimestr.com\/#\/schema\/person\/b5509977c9a6cd729a3e74d9743d035b","name":"G.Hakan Ko\u00e7man","image":{"@type":"ImageObject","inLanguage":"tr","@id":"https:\/\/epochtimestr.com\/#\/schema\/person\/image\/","url":"https:\/\/secure.gravatar.com\/avatar\/e4eafee1ab5d1f4015c3930376b22ca8?s=96&d=mm&r=g","contentUrl":"https:\/\/secure.gravatar.com\/avatar\/e4eafee1ab5d1f4015c3930376b22ca8?s=96&d=mm&r=g","caption":"G.Hakan Ko\u00e7man"},"url":"https:\/\/epochtimestr.com\/index.php\/author\/hakan"}]}},"_links":{"self":[{"href":"https:\/\/epochtimestr.com\/index.php\/wp-json\/wp\/v2\/posts\/95762"}],"collection":[{"href":"https:\/\/epochtimestr.com\/index.php\/wp-json\/wp\/v2\/posts"}],"about":[{"href":"https:\/\/epochtimestr.com\/index.php\/wp-json\/wp\/v2\/types\/post"}],"author":[{"embeddable":true,"href":"https:\/\/epochtimestr.com\/index.php\/wp-json\/wp\/v2\/users\/22"}],"replies":[{"embeddable":true,"href":"https:\/\/epochtimestr.com\/index.php\/wp-json\/wp\/v2\/comments?post=95762"}],"version-history":[{"count":2,"href":"https:\/\/epochtimestr.com\/index.php\/wp-json\/wp\/v2\/posts\/95762\/revisions"}],"predecessor-version":[{"id":95765,"href":"https:\/\/epochtimestr.com\/index.php\/wp-json\/wp\/v2\/posts\/95762\/revisions\/95765"}],"wp:featuredmedia":[{"embeddable":true,"href":"https:\/\/epochtimestr.com\/index.php\/wp-json\/wp\/v2\/media\/95763"}],"wp:attachment":[{"href":"https:\/\/epochtimestr.com\/index.php\/wp-json\/wp\/v2\/media?parent=95762"}],"wp:term":[{"taxonomy":"category","embeddable":true,"href":"https:\/\/epochtimestr.com\/index.php\/wp-json\/wp\/v2\/categories?post=95762"},{"taxonomy":"post_tag","embeddable":true,"href":"https:\/\/epochtimestr.com\/index.php\/wp-json\/wp\/v2\/tags?post=95762"}],"curies":[{"name":"wp","href":"https:\/\/api.w.org\/{rel}","templated":true}]}}