{"id":96124,"date":"2016-10-17T13:57:45","date_gmt":"2016-10-17T10:57:45","guid":{"rendered":"http:\/\/epochtimestr.com\/?p=96124"},"modified":"2016-10-17T13:57:45","modified_gmt":"2016-10-17T10:57:45","slug":"gunduz-elektrik-ustasi-gece-ses-sanatcisi","status":"publish","type":"post","link":"https:\/\/epochtimestr.com\/index.php\/gunduz-elektrik-ustasi-gece-ses-sanatcisi","title":{"rendered":"G\u00fcnd\u00fcz Elektrik Ustas\u0131, Gece Ses Sanat\u00e7\u0131s\u0131"},"content":{"rendered":"<h2 class=\"abstract\"><img loading=\"lazy\" decoding=\"async\" class=\"alignnone size-large wp-image-96125\" src=\"https:\/\/epochtimestr.com\/wp-content\/uploads\/2011y\/ses-elektrik-600x320.jpg\" alt=\"ses-elektrik\" width=\"600\" height=\"320\" srcset=\"https:\/\/epochtimestr.com\/wp-content\/uploads\/2011y\/ses-elektrik-600x320.jpg 600w, https:\/\/epochtimestr.com\/wp-content\/uploads\/2011y\/ses-elektrik-150x80.jpg 150w, https:\/\/epochtimestr.com\/wp-content\/uploads\/2011y\/ses-elektrik-300x160.jpg 300w, https:\/\/epochtimestr.com\/wp-content\/uploads\/2011y\/ses-elektrik-292x156.jpg 292w, https:\/\/epochtimestr.com\/wp-content\/uploads\/2011y\/ses-elektrik-638x340.jpg 638w, https:\/\/epochtimestr.com\/wp-content\/uploads\/2011y\/ses-elektrik-190x100.jpg 190w, https:\/\/epochtimestr.com\/wp-content\/uploads\/2011y\/ses-elektrik-629x335.jpg 629w, https:\/\/epochtimestr.com\/wp-content\/uploads\/2011y\/ses-elektrik.jpg 664w\" sizes=\"(max-width: 600px) 100vw, 600px\" \/><\/p>\n<p>Bursa\u2019da g\u00fcnd\u00fczleri elektrik ustal\u0131\u011f\u0131 yapan Veysel Aslan, ak\u015famlar\u0131 ise Belediye Korosu ve d\u00fc\u011f\u00fcnlerde m\u00fczisyenlik yap\u0131yor.<\/h2>\n<p>Bursa\u2019n\u0131n Orhangazi il\u00e7esinde ya\u015fayan Veysel Aslan, bir kolunun alt\u0131na iki karpuz s\u0131k\u0131\u015ft\u0131rmay\u0131 ba\u015fard\u0131. Ge\u00e7imini sa\u011flamak i\u00e7in g\u00fcnd\u00fczleri in\u015faatlarda elektrik ustal\u0131\u011f\u0131 yapan Aslan, geceleri ise d\u00fc\u011f\u00fcnlerde, \u00f6zel gecelerde ve koroda sahne al\u0131yor. T\u00fcrk Halk M\u00fczi\u011fi, T\u00fcrk Sanat M\u00fczi\u011fi ve pop \u015fark\u0131lar\u0131 seslendiren Aslan, hayran kitlesini ise her ge\u00e7en g\u00fcn katl\u0131yor.<\/p>\n<p>Orta \u00f6\u011fretimden sonra e\u011fitimini tamamlayan Aslan, \u00e7ocuklu\u011funda \u00e7\u0131rak olarak yapt\u0131\u011f\u0131 elektrik i\u015flerinde ustal\u0131\u011fa kadar y\u00fckseldi. Yard\u0131mc\u0131lar\u0131yla birlikte yeni yap\u0131lan bir binan\u0131n t\u00fcm elektrik tesisat\u0131n\u0131 d\u00f6\u015feyebilecek kadar i\u015finin ustas\u0131 olan Aslan, 12 ya\u015f\u0131ndan beri ilgi duydu\u011fu m\u00fczikten de hi\u00e7 kopmad\u0131. Ortaokulda koroda g\u00f6rev alan Aslan\u2019\u0131n ilk notalar\u0131nda ise ezgiler yer ald\u0131.<\/p>\n<p>Zamanla her t\u00fcrl\u00fc T\u00fcrk\u00e7e m\u00fczi\u011fi seslendirmeye ba\u015flayan Aslan, ilk sahne deneyimini ise Milli Gen\u00e7lik Vakf\u0131&#8217;yla ya\u015fad\u0131. Piyanist arkada\u015f\u0131 Volkan \u015een&#8217;in \u00f6nerisiyle aktif m\u00fczik hayat\u0131na ba\u015flayan Aslan, cemiyetlerin aranan sesi oldu.<\/p>\n<div><\/div>\n<p>Orhangazi Belediyesi Kent Konseyi T\u00fcrk Sanat M\u00fczi\u011fi Korosu&#8217;nda da g\u00f6rev alan Aslan, burada da korist ve solist olarak eserlerini seslendiriyor. Aslan, \u201cG\u00fcnd\u00fcz yapt\u0131\u011f\u0131m i\u015flerden toplad\u0131\u011f\u0131m stresi ak\u015fam m\u00fczikle unutuyorum. Ak\u015fam m\u00fczisyenlik yaparken yoruluyorsam onu da g\u00fcnd\u00fcz elektrik i\u015flerinde unutuyorum. \u00d6zellikle g\u00fcnd\u00fcz yaln\u0131z \u00e7al\u0131\u015ft\u0131\u011f\u0131m zamanlarda \u015fark\u0131 s\u00f6yl\u00fcyorum. Vaktin nas\u0131l ge\u00e7ti\u011fini anlam\u0131yorum. \u00c7al\u0131\u015f\u0131rken hem repertuvar\u0131m\u0131 sa\u011flamla\u015ft\u0131r\u0131yorum hem de i\u015fimi keyifle yap\u0131yorum. Ak\u015fam sahnede s\u00f6yleyece\u011fim par\u00e7alar\u0131 g\u00fcnd\u00fcz de \u00e7al\u0131\u015fm\u0131\u015f oluyorum&#8217; dedi.<\/p>\n","protected":false},"excerpt":{"rendered":"<p>Bursa\u2019da g\u00fcnd\u00fczleri elektrik ustal\u0131\u011f\u0131 yapan Veysel Aslan, ak\u015famlar\u0131 ise Belediye Korosu ve d\u00fc\u011f\u00fcnlerde m\u00fczisyenlik yap\u0131yor. Bursa\u2019n\u0131n Orhangazi il\u00e7esinde ya\u015fayan Veysel Aslan, bir kolunun alt\u0131na iki karpuz s\u0131k\u0131\u015ft\u0131rmay\u0131 ba\u015fard\u0131. Ge\u00e7imini sa\u011flamak i\u00e7in g\u00fcnd\u00fczleri in\u015faatlarda elektrik ustal\u0131\u011f\u0131 yapan Aslan, geceleri ise d\u00fc\u011f\u00fcnlerde, \u00f6zel gecelerde ve koroda sahne al\u0131yor. T\u00fcrk Halk M\u00fczi\u011fi, T\u00fcrk Sanat M\u00fczi\u011fi ve pop \u015fark\u0131lar\u0131 [&hellip;]<\/p>\n","protected":false},"author":12791,"featured_media":96125,"comment_status":"open","ping_status":"open","sticky":false,"template":"","format":"standard","meta":{"_yoast_wpseo_focuskw":"","_yoast_wpseo_title":"","_yoast_wpseo_metadesc":"","_bbp_topic_count":0,"_bbp_reply_count":0,"_bbp_total_topic_count":0,"_bbp_total_reply_count":0,"_bbp_voice_count":0,"_bbp_anonymous_reply_count":0,"_bbp_topic_count_hidden":0,"_bbp_reply_count_hidden":0,"_bbp_forum_subforum_count":0,"footnotes":"","_yoast_wpseo_focuskw_text_input":""},"categories":[37],"tags":[],"yoast_head":"<!-- This site is optimized with the Yoast SEO plugin v23.0 - https:\/\/yoast.com\/wordpress\/plugins\/seo\/ -->\n<title>G\u00fcnd\u00fcz Elektrik Ustas\u0131, Gece Ses Sanat\u00e7\u0131s\u0131 - The Epoch Times TR<\/title>\n<meta name=\"robots\" content=\"index, follow, max-snippet:-1, max-image-preview:large, max-video-preview:-1\" \/>\n<link rel=\"canonical\" href=\"https:\/\/epochtimestr.com\/index.php\/gunduz-elektrik-ustasi-gece-ses-sanatcisi\" \/>\n<meta property=\"og:locale\" content=\"tr_TR\" \/>\n<meta property=\"og:type\" content=\"article\" \/>\n<meta property=\"og:title\" content=\"G\u00fcnd\u00fcz Elektrik Ustas\u0131, Gece Ses Sanat\u00e7\u0131s\u0131 - The Epoch Times TR\" \/>\n<meta property=\"og:description\" content=\"Bursa\u2019da g\u00fcnd\u00fczleri elektrik ustal\u0131\u011f\u0131 yapan Veysel Aslan, ak\u015famlar\u0131 ise Belediye Korosu ve d\u00fc\u011f\u00fcnlerde m\u00fczisyenlik yap\u0131yor. Bursa\u2019n\u0131n Orhangazi il\u00e7esinde ya\u015fayan Veysel Aslan, bir kolunun alt\u0131na iki karpuz s\u0131k\u0131\u015ft\u0131rmay\u0131 ba\u015fard\u0131. Ge\u00e7imini sa\u011flamak i\u00e7in g\u00fcnd\u00fczleri in\u015faatlarda elektrik ustal\u0131\u011f\u0131 yapan Aslan, geceleri ise d\u00fc\u011f\u00fcnlerde, \u00f6zel gecelerde ve koroda sahne al\u0131yor. T\u00fcrk Halk M\u00fczi\u011fi, T\u00fcrk Sanat M\u00fczi\u011fi ve pop \u015fark\u0131lar\u0131 [&hellip;]\" \/>\n<meta property=\"og:url\" content=\"https:\/\/epochtimestr.com\/index.php\/gunduz-elektrik-ustasi-gece-ses-sanatcisi\" \/>\n<meta property=\"og:site_name\" content=\"The Epoch Times TR\" \/>\n<meta property=\"article:publisher\" content=\"https:\/\/www.facebook.com\/theepochtimestr\" \/>\n<meta property=\"article:published_time\" content=\"2016-10-17T10:57:45+00:00\" \/>\n<meta property=\"og:image\" content=\"https:\/\/epochtimestr.com\/wp-content\/uploads\/2011y\/ses-elektrik.jpg\" \/>\n\t<meta property=\"og:image:width\" content=\"664\" \/>\n\t<meta property=\"og:image:height\" content=\"354\" \/>\n\t<meta property=\"og:image:type\" content=\"image\/jpeg\" \/>\n<meta name=\"author\" content=\"Haber Merkezi\" \/>\n<meta name=\"twitter:card\" content=\"summary_large_image\" \/>\n<meta name=\"twitter:creator\" content=\"@TheEpochTimesTR\" \/>\n<meta name=\"twitter:site\" content=\"@TheEpochTimesTR\" \/>\n<meta name=\"twitter:label1\" content=\"Yazan:\" \/>\n\t<meta name=\"twitter:data1\" content=\"Haber Merkezi\" \/>\n\t<meta name=\"twitter:label2\" content=\"Tahmini okuma s\u00fcresi\" \/>\n\t<meta name=\"twitter:data2\" content=\"2 dakika\" \/>\n<script type=\"application\/ld+json\" class=\"yoast-schema-graph\">{\"@context\":\"https:\/\/schema.org\",\"@graph\":[{\"@type\":\"Article\",\"@id\":\"https:\/\/epochtimestr.com\/index.php\/gunduz-elektrik-ustasi-gece-ses-sanatcisi#article\",\"isPartOf\":{\"@id\":\"https:\/\/epochtimestr.com\/index.php\/gunduz-elektrik-ustasi-gece-ses-sanatcisi\"},\"author\":{\"name\":\"Haber Merkezi\",\"@id\":\"https:\/\/epochtimestr.com\/#\/schema\/person\/3dc5c3adeb9f43923c5aa85889172fdd\"},\"headline\":\"G\u00fcnd\u00fcz Elektrik Ustas\u0131, Gece Ses Sanat\u00e7\u0131s\u0131\",\"datePublished\":\"2016-10-17T10:57:45+00:00\",\"dateModified\":\"2016-10-17T10:57:45+00:00\",\"mainEntityOfPage\":{\"@id\":\"https:\/\/epochtimestr.com\/index.php\/gunduz-elektrik-ustasi-gece-ses-sanatcisi\"},\"wordCount\":328,\"commentCount\":0,\"publisher\":{\"@id\":\"https:\/\/epochtimestr.com\/#organization\"},\"image\":{\"@id\":\"https:\/\/epochtimestr.com\/index.php\/gunduz-elektrik-ustasi-gece-ses-sanatcisi#primaryimage\"},\"thumbnailUrl\":\"https:\/\/epochtimestr.com\/wp-content\/uploads\/2011y\/ses-elektrik.jpg\",\"articleSection\":[\"T\u00dcRK\u0130YE\"],\"inLanguage\":\"tr\",\"potentialAction\":[{\"@type\":\"CommentAction\",\"name\":\"Comment\",\"target\":[\"https:\/\/epochtimestr.com\/index.php\/gunduz-elektrik-ustasi-gece-ses-sanatcisi#respond\"]}]},{\"@type\":\"WebPage\",\"@id\":\"https:\/\/epochtimestr.com\/index.php\/gunduz-elektrik-ustasi-gece-ses-sanatcisi\",\"url\":\"https:\/\/epochtimestr.com\/index.php\/gunduz-elektrik-ustasi-gece-ses-sanatcisi\",\"name\":\"G\u00fcnd\u00fcz Elektrik Ustas\u0131, Gece Ses Sanat\u00e7\u0131s\u0131 - The Epoch Times TR\",\"isPartOf\":{\"@id\":\"https:\/\/epochtimestr.com\/#website\"},\"primaryImageOfPage\":{\"@id\":\"https:\/\/epochtimestr.com\/index.php\/gunduz-elektrik-ustasi-gece-ses-sanatcisi#primaryimage\"},\"image\":{\"@id\":\"https:\/\/epochtimestr.com\/index.php\/gunduz-elektrik-ustasi-gece-ses-sanatcisi#primaryimage\"},\"thumbnailUrl\":\"https:\/\/epochtimestr.com\/wp-content\/uploads\/2011y\/ses-elektrik.jpg\",\"datePublished\":\"2016-10-17T10:57:45+00:00\",\"dateModified\":\"2016-10-17T10:57:45+00:00\",\"inLanguage\":\"tr\",\"potentialAction\":[{\"@type\":\"ReadAction\",\"target\":[\"https:\/\/epochtimestr.com\/index.php\/gunduz-elektrik-ustasi-gece-ses-sanatcisi\"]}]},{\"@type\":\"ImageObject\",\"inLanguage\":\"tr\",\"@id\":\"https:\/\/epochtimestr.com\/index.php\/gunduz-elektrik-ustasi-gece-ses-sanatcisi#primaryimage\",\"url\":\"https:\/\/epochtimestr.com\/wp-content\/uploads\/2011y\/ses-elektrik.jpg\",\"contentUrl\":\"https:\/\/epochtimestr.com\/wp-content\/uploads\/2011y\/ses-elektrik.jpg\",\"width\":664,\"height\":354},{\"@type\":\"WebSite\",\"@id\":\"https:\/\/epochtimestr.com\/#website\",\"url\":\"https:\/\/epochtimestr.com\/\",\"name\":\"The Epoch Times TR\",\"description\":\"De\u011fi\u015fen D\u00fcnyam\u0131za Taze Bir Bak\u0131\u015f\",\"publisher\":{\"@id\":\"https:\/\/epochtimestr.com\/#organization\"},\"potentialAction\":[{\"@type\":\"SearchAction\",\"target\":{\"@type\":\"EntryPoint\",\"urlTemplate\":\"https:\/\/epochtimestr.com\/?s={search_term_string}\"},\"query-input\":\"required name=search_term_string\"}],\"inLanguage\":\"tr\"},{\"@type\":\"Organization\",\"@id\":\"https:\/\/epochtimestr.com\/#organization\",\"name\":\"The EpochTimes T\u00fcrkiye\",\"url\":\"https:\/\/epochtimestr.com\/\",\"logo\":{\"@type\":\"ImageObject\",\"inLanguage\":\"tr\",\"@id\":\"https:\/\/epochtimestr.com\/#\/schema\/logo\/image\/\",\"url\":\"https:\/\/epochtimestr.com\/wp-content\/uploads\/2011y\/ET-Logo-YG.jpg\",\"contentUrl\":\"https:\/\/epochtimestr.com\/wp-content\/uploads\/2011y\/ET-Logo-YG.jpg\",\"width\":346,\"height\":29,\"caption\":\"The EpochTimes T\u00fcrkiye\"},\"image\":{\"@id\":\"https:\/\/epochtimestr.com\/#\/schema\/logo\/image\/\"},\"sameAs\":[\"https:\/\/www.facebook.com\/theepochtimestr\",\"https:\/\/x.com\/TheEpochTimesTR\",\"https:\/\/www.instagram.com\/epochtimestr\"]},{\"@type\":\"Person\",\"@id\":\"https:\/\/epochtimestr.com\/#\/schema\/person\/3dc5c3adeb9f43923c5aa85889172fdd\",\"name\":\"Haber Merkezi\",\"image\":{\"@type\":\"ImageObject\",\"inLanguage\":\"tr\",\"@id\":\"https:\/\/epochtimestr.com\/#\/schema\/person\/image\/\",\"url\":\"https:\/\/secure.gravatar.com\/avatar\/d73f772ba5a74f28601361e17c2f93e6?s=96&d=mm&r=g\",\"contentUrl\":\"https:\/\/secure.gravatar.com\/avatar\/d73f772ba5a74f28601361e17c2f93e6?s=96&d=mm&r=g\",\"caption\":\"Haber Merkezi\"},\"url\":\"https:\/\/epochtimestr.com\/index.php\/author\/sendag\"}]}<\/script>\n<!-- \/ Yoast SEO plugin. -->","yoast_head_json":{"title":"G\u00fcnd\u00fcz Elektrik Ustas\u0131, Gece Ses Sanat\u00e7\u0131s\u0131 - The Epoch Times TR","robots":{"index":"index","follow":"follow","max-snippet":"max-snippet:-1","max-image-preview":"max-image-preview:large","max-video-preview":"max-video-preview:-1"},"canonical":"https:\/\/epochtimestr.com\/index.php\/gunduz-elektrik-ustasi-gece-ses-sanatcisi","og_locale":"tr_TR","og_type":"article","og_title":"G\u00fcnd\u00fcz Elektrik Ustas\u0131, Gece Ses Sanat\u00e7\u0131s\u0131 - The Epoch Times TR","og_description":"Bursa\u2019da g\u00fcnd\u00fczleri elektrik ustal\u0131\u011f\u0131 yapan Veysel Aslan, ak\u015famlar\u0131 ise Belediye Korosu ve d\u00fc\u011f\u00fcnlerde m\u00fczisyenlik yap\u0131yor. Bursa\u2019n\u0131n Orhangazi il\u00e7esinde ya\u015fayan Veysel Aslan, bir kolunun alt\u0131na iki karpuz s\u0131k\u0131\u015ft\u0131rmay\u0131 ba\u015fard\u0131. Ge\u00e7imini sa\u011flamak i\u00e7in g\u00fcnd\u00fczleri in\u015faatlarda elektrik ustal\u0131\u011f\u0131 yapan Aslan, geceleri ise d\u00fc\u011f\u00fcnlerde, \u00f6zel gecelerde ve koroda sahne al\u0131yor. T\u00fcrk Halk M\u00fczi\u011fi, T\u00fcrk Sanat M\u00fczi\u011fi ve pop \u015fark\u0131lar\u0131 [&hellip;]","og_url":"https:\/\/epochtimestr.com\/index.php\/gunduz-elektrik-ustasi-gece-ses-sanatcisi","og_site_name":"The Epoch Times TR","article_publisher":"https:\/\/www.facebook.com\/theepochtimestr","article_published_time":"2016-10-17T10:57:45+00:00","og_image":[{"width":664,"height":354,"url":"https:\/\/epochtimestr.com\/wp-content\/uploads\/2011y\/ses-elektrik.jpg","type":"image\/jpeg"}],"author":"Haber Merkezi","twitter_card":"summary_large_image","twitter_creator":"@TheEpochTimesTR","twitter_site":"@TheEpochTimesTR","twitter_misc":{"Yazan:":"Haber Merkezi","Tahmini okuma s\u00fcresi":"2 dakika"},"schema":{"@context":"https:\/\/schema.org","@graph":[{"@type":"Article","@id":"https:\/\/epochtimestr.com\/index.php\/gunduz-elektrik-ustasi-gece-ses-sanatcisi#article","isPartOf":{"@id":"https:\/\/epochtimestr.com\/index.php\/gunduz-elektrik-ustasi-gece-ses-sanatcisi"},"author":{"name":"Haber Merkezi","@id":"https:\/\/epochtimestr.com\/#\/schema\/person\/3dc5c3adeb9f43923c5aa85889172fdd"},"headline":"G\u00fcnd\u00fcz Elektrik Ustas\u0131, Gece Ses Sanat\u00e7\u0131s\u0131","datePublished":"2016-10-17T10:57:45+00:00","dateModified":"2016-10-17T10:57:45+00:00","mainEntityOfPage":{"@id":"https:\/\/epochtimestr.com\/index.php\/gunduz-elektrik-ustasi-gece-ses-sanatcisi"},"wordCount":328,"commentCount":0,"publisher":{"@id":"https:\/\/epochtimestr.com\/#organization"},"image":{"@id":"https:\/\/epochtimestr.com\/index.php\/gunduz-elektrik-ustasi-gece-ses-sanatcisi#primaryimage"},"thumbnailUrl":"https:\/\/epochtimestr.com\/wp-content\/uploads\/2011y\/ses-elektrik.jpg","articleSection":["T\u00dcRK\u0130YE"],"inLanguage":"tr","potentialAction":[{"@type":"CommentAction","name":"Comment","target":["https:\/\/epochtimestr.com\/index.php\/gunduz-elektrik-ustasi-gece-ses-sanatcisi#respond"]}]},{"@type":"WebPage","@id":"https:\/\/epochtimestr.com\/index.php\/gunduz-elektrik-ustasi-gece-ses-sanatcisi","url":"https:\/\/epochtimestr.com\/index.php\/gunduz-elektrik-ustasi-gece-ses-sanatcisi","name":"G\u00fcnd\u00fcz Elektrik Ustas\u0131, Gece Ses Sanat\u00e7\u0131s\u0131 - The Epoch Times TR","isPartOf":{"@id":"https:\/\/epochtimestr.com\/#website"},"primaryImageOfPage":{"@id":"https:\/\/epochtimestr.com\/index.php\/gunduz-elektrik-ustasi-gece-ses-sanatcisi#primaryimage"},"image":{"@id":"https:\/\/epochtimestr.com\/index.php\/gunduz-elektrik-ustasi-gece-ses-sanatcisi#primaryimage"},"thumbnailUrl":"https:\/\/epochtimestr.com\/wp-content\/uploads\/2011y\/ses-elektrik.jpg","datePublished":"2016-10-17T10:57:45+00:00","dateModified":"2016-10-17T10:57:45+00:00","inLanguage":"tr","potentialAction":[{"@type":"ReadAction","target":["https:\/\/epochtimestr.com\/index.php\/gunduz-elektrik-ustasi-gece-ses-sanatcisi"]}]},{"@type":"ImageObject","inLanguage":"tr","@id":"https:\/\/epochtimestr.com\/index.php\/gunduz-elektrik-ustasi-gece-ses-sanatcisi#primaryimage","url":"https:\/\/epochtimestr.com\/wp-content\/uploads\/2011y\/ses-elektrik.jpg","contentUrl":"https:\/\/epochtimestr.com\/wp-content\/uploads\/2011y\/ses-elektrik.jpg","width":664,"height":354},{"@type":"WebSite","@id":"https:\/\/epochtimestr.com\/#website","url":"https:\/\/epochtimestr.com\/","name":"The Epoch Times TR","description":"De\u011fi\u015fen D\u00fcnyam\u0131za Taze Bir Bak\u0131\u015f","publisher":{"@id":"https:\/\/epochtimestr.com\/#organization"},"potentialAction":[{"@type":"SearchAction","target":{"@type":"EntryPoint","urlTemplate":"https:\/\/epochtimestr.com\/?s={search_term_string}"},"query-input":"required name=search_term_string"}],"inLanguage":"tr"},{"@type":"Organization","@id":"https:\/\/epochtimestr.com\/#organization","name":"The EpochTimes T\u00fcrkiye","url":"https:\/\/epochtimestr.com\/","logo":{"@type":"ImageObject","inLanguage":"tr","@id":"https:\/\/epochtimestr.com\/#\/schema\/logo\/image\/","url":"https:\/\/epochtimestr.com\/wp-content\/uploads\/2011y\/ET-Logo-YG.jpg","contentUrl":"https:\/\/epochtimestr.com\/wp-content\/uploads\/2011y\/ET-Logo-YG.jpg","width":346,"height":29,"caption":"The EpochTimes T\u00fcrkiye"},"image":{"@id":"https:\/\/epochtimestr.com\/#\/schema\/logo\/image\/"},"sameAs":["https:\/\/www.facebook.com\/theepochtimestr","https:\/\/x.com\/TheEpochTimesTR","https:\/\/www.instagram.com\/epochtimestr"]},{"@type":"Person","@id":"https:\/\/epochtimestr.com\/#\/schema\/person\/3dc5c3adeb9f43923c5aa85889172fdd","name":"Haber Merkezi","image":{"@type":"ImageObject","inLanguage":"tr","@id":"https:\/\/epochtimestr.com\/#\/schema\/person\/image\/","url":"https:\/\/secure.gravatar.com\/avatar\/d73f772ba5a74f28601361e17c2f93e6?s=96&d=mm&r=g","contentUrl":"https:\/\/secure.gravatar.com\/avatar\/d73f772ba5a74f28601361e17c2f93e6?s=96&d=mm&r=g","caption":"Haber Merkezi"},"url":"https:\/\/epochtimestr.com\/index.php\/author\/sendag"}]}},"_links":{"self":[{"href":"https:\/\/epochtimestr.com\/index.php\/wp-json\/wp\/v2\/posts\/96124"}],"collection":[{"href":"https:\/\/epochtimestr.com\/index.php\/wp-json\/wp\/v2\/posts"}],"about":[{"href":"https:\/\/epochtimestr.com\/index.php\/wp-json\/wp\/v2\/types\/post"}],"author":[{"embeddable":true,"href":"https:\/\/epochtimestr.com\/index.php\/wp-json\/wp\/v2\/users\/12791"}],"replies":[{"embeddable":true,"href":"https:\/\/epochtimestr.com\/index.php\/wp-json\/wp\/v2\/comments?post=96124"}],"version-history":[{"count":1,"href":"https:\/\/epochtimestr.com\/index.php\/wp-json\/wp\/v2\/posts\/96124\/revisions"}],"predecessor-version":[{"id":96126,"href":"https:\/\/epochtimestr.com\/index.php\/wp-json\/wp\/v2\/posts\/96124\/revisions\/96126"}],"wp:featuredmedia":[{"embeddable":true,"href":"https:\/\/epochtimestr.com\/index.php\/wp-json\/wp\/v2\/media\/96125"}],"wp:attachment":[{"href":"https:\/\/epochtimestr.com\/index.php\/wp-json\/wp\/v2\/media?parent=96124"}],"wp:term":[{"taxonomy":"category","embeddable":true,"href":"https:\/\/epochtimestr.com\/index.php\/wp-json\/wp\/v2\/categories?post=96124"},{"taxonomy":"post_tag","embeddable":true,"href":"https:\/\/epochtimestr.com\/index.php\/wp-json\/wp\/v2\/tags?post=96124"}],"curies":[{"name":"wp","href":"https:\/\/api.w.org\/{rel}","templated":true}]}}