{"id":96600,"date":"2016-11-02T22:41:05","date_gmt":"2016-11-02T19:41:05","guid":{"rendered":"http:\/\/epochtimestr.com\/?p=96600"},"modified":"2016-11-02T23:14:28","modified_gmt":"2016-11-02T20:14:28","slug":"gonul-ulku-ozcan-vefat-etti","status":"publish","type":"post","link":"https:\/\/epochtimestr.com\/index.php\/gonul-ulku-ozcan-vefat-etti","title":{"rendered":"G\u00f6n\u00fcl \u00dclk\u00fc \u00d6zcan Vefat Etti"},"content":{"rendered":"<figure id=\"attachment_94191\" aria-describedby=\"caption-attachment-94191\" style=\"width: 600px\" class=\"wp-caption aligncenter\"><img loading=\"lazy\" decoding=\"async\" class=\"wp-image-94191 size-large\" src=\"https:\/\/epochtimestr.com\/wp-content\/uploads\/2011y\/son-dakika-ETyeni-1-600x315.jpg\" alt=\"son-dakika-ETyeni\" width=\"600\" height=\"315\" srcset=\"https:\/\/epochtimestr.com\/wp-content\/uploads\/2011y\/son-dakika-ETyeni-1.jpg 600w, https:\/\/epochtimestr.com\/wp-content\/uploads\/2011y\/son-dakika-ETyeni-1-150x79.jpg 150w, https:\/\/epochtimestr.com\/wp-content\/uploads\/2011y\/son-dakika-ETyeni-1-300x158.jpg 300w, https:\/\/epochtimestr.com\/wp-content\/uploads\/2011y\/son-dakika-ETyeni-1-292x153.jpg 292w, https:\/\/epochtimestr.com\/wp-content\/uploads\/2011y\/son-dakika-ETyeni-1-190x100.jpg 190w\" sizes=\"(max-width: 600px) 100vw, 600px\" \/><figcaption id=\"caption-attachment-94191\" class=\"wp-caption-text\">Foto\u011fraf: Epoch T\u0131mes TR<\/figcaption><\/figure>\n<h2 class=\"abstract\">\u00dcnl\u00fc Tiyatro sanat\u00e7\u0131s\u0131 G\u00f6n\u00fcl \u00dclk\u00fc \u00d6zcan 85 ya\u015f\u0131nda hayat\u0131n\u0131 kaybetti.<\/h2>\n<p>G\u00f6n\u00fcl \u00dclk\u00fc \u00d6zcan Kimdir?<\/p>\n<p><strong>Emine G\u00f6n\u00fcl \u00dclk\u00fc \u00d6zcan<\/strong>\u00a0(28 \u015eubat\u00a01931,\u00a0\u0130stanbul do\u011fumlu;\u00a0tiyatro, sinema ve dizi oyuncusudur.<\/p>\n<p>G\u00f6n\u00fcl \u00dclk\u00fc, k\u00fc\u00e7\u00fck ya\u015fta, ailesinin deste\u011fiyle 1947 y\u0131l\u0131nda\u00a0\u0130stanbul \u015eehir Tiyatrolar\u0131\u00a0\u00c7ocuk B\u00f6l\u00fcm\u00fc&#8217;ne girdi. 1962&#8217;de\u00a0Gazanfer \u00d6zcan&#8217;la evlenene kadar \u015eehir Tiyatrolar\u0131nda \u00e7al\u0131\u015fan sanat\u00e7\u0131, daha sonra e\u015fiyle birlikte\u00a0G\u00f6n\u00fcl \u00dclk\u00fc &#8211; Gazanfer \u00d6zcan Tiyatrosu&#8217;nu kurdu. 2002 y\u0131l\u0131ndaki rahats\u0131zl\u0131\u011f\u0131na kadar kendi tiyatrolar\u0131nda \u00e7al\u0131\u015ft\u0131. 2003 y\u0131l\u0131nda yeniden sahnelere d\u00f6nen sanat\u00e7\u0131, az say\u0131da sinema filminde de rol ald\u0131.\u00a0<em>Kuruntu Ailesi<\/em>\u00a0adl\u0131 bir diziyi e\u015fi ve kadrosuyla birlikte 16 y\u0131l oynad\u0131lar. \u00dcnl\u00fc tiyatro oyuncusu G\u00f6n\u00fcl \u00dclk\u00fc \u00d6zcan 2 Kas\u0131m 2016&#8217;da \u0130stanbul&#8217;da 85 yas\u0131nda \u00f6ld\u00fc.<\/p>\n<p>&nbsp;<\/p>\n","protected":false},"excerpt":{"rendered":"<p>\u00dcnl\u00fc Tiyatro sanat\u00e7\u0131s\u0131 G\u00f6n\u00fcl \u00dclk\u00fc \u00d6zcan 85 ya\u015f\u0131nda hayat\u0131n\u0131 kaybetti. G\u00f6n\u00fcl \u00dclk\u00fc \u00d6zcan Kimdir? Emine G\u00f6n\u00fcl \u00dclk\u00fc \u00d6zcan\u00a0(28 \u015eubat\u00a01931,\u00a0\u0130stanbul do\u011fumlu;\u00a0tiyatro, sinema ve dizi oyuncusudur. G\u00f6n\u00fcl \u00dclk\u00fc, k\u00fc\u00e7\u00fck ya\u015fta, ailesinin deste\u011fiyle 1947 y\u0131l\u0131nda\u00a0\u0130stanbul \u015eehir Tiyatrolar\u0131\u00a0\u00c7ocuk B\u00f6l\u00fcm\u00fc&#8217;ne girdi. 1962&#8217;de\u00a0Gazanfer \u00d6zcan&#8217;la evlenene kadar \u015eehir Tiyatrolar\u0131nda \u00e7al\u0131\u015fan sanat\u00e7\u0131, daha sonra e\u015fiyle birlikte\u00a0G\u00f6n\u00fcl \u00dclk\u00fc &#8211; Gazanfer \u00d6zcan Tiyatrosu&#8217;nu kurdu. 2002 [&hellip;]<\/p>\n","protected":false},"author":12464,"featured_media":94191,"comment_status":"open","ping_status":"open","sticky":false,"template":"","format":"standard","meta":{"_yoast_wpseo_focuskw":"","_yoast_wpseo_title":"","_yoast_wpseo_metadesc":"","_bbp_topic_count":0,"_bbp_reply_count":0,"_bbp_total_topic_count":0,"_bbp_total_reply_count":0,"_bbp_voice_count":0,"_bbp_anonymous_reply_count":0,"_bbp_topic_count_hidden":0,"_bbp_reply_count_hidden":0,"_bbp_forum_subforum_count":0,"footnotes":"","_yoast_wpseo_focuskw_text_input":""},"categories":[1,37],"tags":[5730,2080,151,5731],"yoast_head":"<!-- This site is optimized with the Yoast SEO plugin v23.0 - https:\/\/yoast.com\/wordpress\/plugins\/seo\/ -->\n<title>G\u00f6n\u00fcl \u00dclk\u00fc \u00d6zcan Vefat Etti - The Epoch Times TR<\/title>\n<meta name=\"robots\" content=\"index, follow, max-snippet:-1, max-image-preview:large, max-video-preview:-1\" \/>\n<link rel=\"canonical\" href=\"https:\/\/epochtimestr.com\/index.php\/gonul-ulku-ozcan-vefat-etti\" \/>\n<meta property=\"og:locale\" content=\"tr_TR\" \/>\n<meta property=\"og:type\" content=\"article\" \/>\n<meta property=\"og:title\" content=\"G\u00f6n\u00fcl \u00dclk\u00fc \u00d6zcan Vefat Etti - The Epoch Times TR\" \/>\n<meta property=\"og:description\" content=\"\u00dcnl\u00fc Tiyatro sanat\u00e7\u0131s\u0131 G\u00f6n\u00fcl \u00dclk\u00fc \u00d6zcan 85 ya\u015f\u0131nda hayat\u0131n\u0131 kaybetti. G\u00f6n\u00fcl \u00dclk\u00fc \u00d6zcan Kimdir? Emine G\u00f6n\u00fcl \u00dclk\u00fc \u00d6zcan\u00a0(28 \u015eubat\u00a01931,\u00a0\u0130stanbul do\u011fumlu;\u00a0tiyatro, sinema ve dizi oyuncusudur. G\u00f6n\u00fcl \u00dclk\u00fc, k\u00fc\u00e7\u00fck ya\u015fta, ailesinin deste\u011fiyle 1947 y\u0131l\u0131nda\u00a0\u0130stanbul \u015eehir Tiyatrolar\u0131\u00a0\u00c7ocuk B\u00f6l\u00fcm\u00fc&#8217;ne girdi. 1962&#8217;de\u00a0Gazanfer \u00d6zcan&#8217;la evlenene kadar \u015eehir Tiyatrolar\u0131nda \u00e7al\u0131\u015fan sanat\u00e7\u0131, daha sonra e\u015fiyle birlikte\u00a0G\u00f6n\u00fcl \u00dclk\u00fc &#8211; Gazanfer \u00d6zcan Tiyatrosu&#8217;nu kurdu. 2002 [&hellip;]\" \/>\n<meta property=\"og:url\" content=\"https:\/\/epochtimestr.com\/index.php\/gonul-ulku-ozcan-vefat-etti\" \/>\n<meta property=\"og:site_name\" content=\"The Epoch Times TR\" \/>\n<meta property=\"article:publisher\" content=\"https:\/\/www.facebook.com\/theepochtimestr\" \/>\n<meta property=\"article:published_time\" content=\"2016-11-02T19:41:05+00:00\" \/>\n<meta property=\"article:modified_time\" content=\"2016-11-02T20:14:28+00:00\" \/>\n<meta property=\"og:image\" content=\"https:\/\/epochtimestr.com\/wp-content\/uploads\/2011y\/son-dakika-ETyeni-1.jpg\" \/>\n\t<meta property=\"og:image:width\" content=\"600\" \/>\n\t<meta property=\"og:image:height\" content=\"315\" \/>\n\t<meta property=\"og:image:type\" content=\"image\/jpeg\" \/>\n<meta name=\"author\" content=\"Dila \u015eeng\u00fcl\" \/>\n<meta name=\"twitter:card\" content=\"summary_large_image\" \/>\n<meta name=\"twitter:creator\" content=\"@TheEpochTimesTR\" \/>\n<meta name=\"twitter:site\" content=\"@TheEpochTimesTR\" \/>\n<meta name=\"twitter:label1\" content=\"Yazan:\" \/>\n\t<meta name=\"twitter:data1\" content=\"Dila \u015eeng\u00fcl\" \/>\n\t<meta name=\"twitter:label2\" content=\"Tahmini okuma s\u00fcresi\" \/>\n\t<meta name=\"twitter:data2\" content=\"1 dakika\" \/>\n<script type=\"application\/ld+json\" class=\"yoast-schema-graph\">{\"@context\":\"https:\/\/schema.org\",\"@graph\":[{\"@type\":\"Article\",\"@id\":\"https:\/\/epochtimestr.com\/index.php\/gonul-ulku-ozcan-vefat-etti#article\",\"isPartOf\":{\"@id\":\"https:\/\/epochtimestr.com\/index.php\/gonul-ulku-ozcan-vefat-etti\"},\"author\":{\"name\":\"Dila \u015eeng\u00fcl\",\"@id\":\"https:\/\/epochtimestr.com\/#\/schema\/person\/412e3e18fe3d446442ee7c2c11db0c47\"},\"headline\":\"G\u00f6n\u00fcl \u00dclk\u00fc \u00d6zcan Vefat Etti\",\"datePublished\":\"2016-11-02T19:41:05+00:00\",\"dateModified\":\"2016-11-02T20:14:28+00:00\",\"mainEntityOfPage\":{\"@id\":\"https:\/\/epochtimestr.com\/index.php\/gonul-ulku-ozcan-vefat-etti\"},\"wordCount\":161,\"commentCount\":0,\"publisher\":{\"@id\":\"https:\/\/epochtimestr.com\/#organization\"},\"image\":{\"@id\":\"https:\/\/epochtimestr.com\/index.php\/gonul-ulku-ozcan-vefat-etti#primaryimage\"},\"thumbnailUrl\":\"https:\/\/epochtimestr.com\/wp-content\/uploads\/2011y\/son-dakika-ETyeni-1.jpg\",\"keywords\":[\"G\u00f6n\u00fcl \u00dclk\u00fc \u00d6zcan\",\"hayat\u0131n\u0131 kaybetti\",\"tiyatro\",\"vefat ett\"],\"articleSection\":[\"G\u00dcNDEM\",\"T\u00dcRK\u0130YE\"],\"inLanguage\":\"tr\",\"potentialAction\":[{\"@type\":\"CommentAction\",\"name\":\"Comment\",\"target\":[\"https:\/\/epochtimestr.com\/index.php\/gonul-ulku-ozcan-vefat-etti#respond\"]}]},{\"@type\":\"WebPage\",\"@id\":\"https:\/\/epochtimestr.com\/index.php\/gonul-ulku-ozcan-vefat-etti\",\"url\":\"https:\/\/epochtimestr.com\/index.php\/gonul-ulku-ozcan-vefat-etti\",\"name\":\"G\u00f6n\u00fcl \u00dclk\u00fc \u00d6zcan Vefat Etti - The Epoch Times TR\",\"isPartOf\":{\"@id\":\"https:\/\/epochtimestr.com\/#website\"},\"primaryImageOfPage\":{\"@id\":\"https:\/\/epochtimestr.com\/index.php\/gonul-ulku-ozcan-vefat-etti#primaryimage\"},\"image\":{\"@id\":\"https:\/\/epochtimestr.com\/index.php\/gonul-ulku-ozcan-vefat-etti#primaryimage\"},\"thumbnailUrl\":\"https:\/\/epochtimestr.com\/wp-content\/uploads\/2011y\/son-dakika-ETyeni-1.jpg\",\"datePublished\":\"2016-11-02T19:41:05+00:00\",\"dateModified\":\"2016-11-02T20:14:28+00:00\",\"inLanguage\":\"tr\",\"potentialAction\":[{\"@type\":\"ReadAction\",\"target\":[\"https:\/\/epochtimestr.com\/index.php\/gonul-ulku-ozcan-vefat-etti\"]}]},{\"@type\":\"ImageObject\",\"inLanguage\":\"tr\",\"@id\":\"https:\/\/epochtimestr.com\/index.php\/gonul-ulku-ozcan-vefat-etti#primaryimage\",\"url\":\"https:\/\/epochtimestr.com\/wp-content\/uploads\/2011y\/son-dakika-ETyeni-1.jpg\",\"contentUrl\":\"https:\/\/epochtimestr.com\/wp-content\/uploads\/2011y\/son-dakika-ETyeni-1.jpg\",\"width\":600,\"height\":315},{\"@type\":\"WebSite\",\"@id\":\"https:\/\/epochtimestr.com\/#website\",\"url\":\"https:\/\/epochtimestr.com\/\",\"name\":\"The Epoch Times TR\",\"description\":\"De\u011fi\u015fen D\u00fcnyam\u0131za Taze Bir Bak\u0131\u015f\",\"publisher\":{\"@id\":\"https:\/\/epochtimestr.com\/#organization\"},\"potentialAction\":[{\"@type\":\"SearchAction\",\"target\":{\"@type\":\"EntryPoint\",\"urlTemplate\":\"https:\/\/epochtimestr.com\/?s={search_term_string}\"},\"query-input\":\"required name=search_term_string\"}],\"inLanguage\":\"tr\"},{\"@type\":\"Organization\",\"@id\":\"https:\/\/epochtimestr.com\/#organization\",\"name\":\"The EpochTimes T\u00fcrkiye\",\"url\":\"https:\/\/epochtimestr.com\/\",\"logo\":{\"@type\":\"ImageObject\",\"inLanguage\":\"tr\",\"@id\":\"https:\/\/epochtimestr.com\/#\/schema\/logo\/image\/\",\"url\":\"https:\/\/epochtimestr.com\/wp-content\/uploads\/2011y\/ET-Logo-YG.jpg\",\"contentUrl\":\"https:\/\/epochtimestr.com\/wp-content\/uploads\/2011y\/ET-Logo-YG.jpg\",\"width\":346,\"height\":29,\"caption\":\"The EpochTimes T\u00fcrkiye\"},\"image\":{\"@id\":\"https:\/\/epochtimestr.com\/#\/schema\/logo\/image\/\"},\"sameAs\":[\"https:\/\/www.facebook.com\/theepochtimestr\",\"https:\/\/x.com\/TheEpochTimesTR\",\"https:\/\/www.instagram.com\/epochtimestr\"]},{\"@type\":\"Person\",\"@id\":\"https:\/\/epochtimestr.com\/#\/schema\/person\/412e3e18fe3d446442ee7c2c11db0c47\",\"name\":\"Dila \u015eeng\u00fcl\",\"image\":{\"@type\":\"ImageObject\",\"inLanguage\":\"tr\",\"@id\":\"https:\/\/epochtimestr.com\/#\/schema\/person\/image\/\",\"url\":\"https:\/\/secure.gravatar.com\/avatar\/96e2af9ac9b3efd03257d930e8b4a5d2?s=96&d=mm&r=g\",\"contentUrl\":\"https:\/\/secure.gravatar.com\/avatar\/96e2af9ac9b3efd03257d930e8b4a5d2?s=96&d=mm&r=g\",\"caption\":\"Dila \u015eeng\u00fcl\"},\"url\":\"https:\/\/epochtimestr.com\/index.php\/author\/dila\"}]}<\/script>\n<!-- \/ Yoast SEO plugin. -->","yoast_head_json":{"title":"G\u00f6n\u00fcl \u00dclk\u00fc \u00d6zcan Vefat Etti - The Epoch Times TR","robots":{"index":"index","follow":"follow","max-snippet":"max-snippet:-1","max-image-preview":"max-image-preview:large","max-video-preview":"max-video-preview:-1"},"canonical":"https:\/\/epochtimestr.com\/index.php\/gonul-ulku-ozcan-vefat-etti","og_locale":"tr_TR","og_type":"article","og_title":"G\u00f6n\u00fcl \u00dclk\u00fc \u00d6zcan Vefat Etti - The Epoch Times TR","og_description":"\u00dcnl\u00fc Tiyatro sanat\u00e7\u0131s\u0131 G\u00f6n\u00fcl \u00dclk\u00fc \u00d6zcan 85 ya\u015f\u0131nda hayat\u0131n\u0131 kaybetti. G\u00f6n\u00fcl \u00dclk\u00fc \u00d6zcan Kimdir? Emine G\u00f6n\u00fcl \u00dclk\u00fc \u00d6zcan\u00a0(28 \u015eubat\u00a01931,\u00a0\u0130stanbul do\u011fumlu;\u00a0tiyatro, sinema ve dizi oyuncusudur. G\u00f6n\u00fcl \u00dclk\u00fc, k\u00fc\u00e7\u00fck ya\u015fta, ailesinin deste\u011fiyle 1947 y\u0131l\u0131nda\u00a0\u0130stanbul \u015eehir Tiyatrolar\u0131\u00a0\u00c7ocuk B\u00f6l\u00fcm\u00fc&#8217;ne girdi. 1962&#8217;de\u00a0Gazanfer \u00d6zcan&#8217;la evlenene kadar \u015eehir Tiyatrolar\u0131nda \u00e7al\u0131\u015fan sanat\u00e7\u0131, daha sonra e\u015fiyle birlikte\u00a0G\u00f6n\u00fcl \u00dclk\u00fc &#8211; Gazanfer \u00d6zcan Tiyatrosu&#8217;nu kurdu. 2002 [&hellip;]","og_url":"https:\/\/epochtimestr.com\/index.php\/gonul-ulku-ozcan-vefat-etti","og_site_name":"The Epoch Times TR","article_publisher":"https:\/\/www.facebook.com\/theepochtimestr","article_published_time":"2016-11-02T19:41:05+00:00","article_modified_time":"2016-11-02T20:14:28+00:00","og_image":[{"width":600,"height":315,"url":"https:\/\/epochtimestr.com\/wp-content\/uploads\/2011y\/son-dakika-ETyeni-1.jpg","type":"image\/jpeg"}],"author":"Dila \u015eeng\u00fcl","twitter_card":"summary_large_image","twitter_creator":"@TheEpochTimesTR","twitter_site":"@TheEpochTimesTR","twitter_misc":{"Yazan:":"Dila \u015eeng\u00fcl","Tahmini okuma s\u00fcresi":"1 dakika"},"schema":{"@context":"https:\/\/schema.org","@graph":[{"@type":"Article","@id":"https:\/\/epochtimestr.com\/index.php\/gonul-ulku-ozcan-vefat-etti#article","isPartOf":{"@id":"https:\/\/epochtimestr.com\/index.php\/gonul-ulku-ozcan-vefat-etti"},"author":{"name":"Dila \u015eeng\u00fcl","@id":"https:\/\/epochtimestr.com\/#\/schema\/person\/412e3e18fe3d446442ee7c2c11db0c47"},"headline":"G\u00f6n\u00fcl \u00dclk\u00fc \u00d6zcan Vefat Etti","datePublished":"2016-11-02T19:41:05+00:00","dateModified":"2016-11-02T20:14:28+00:00","mainEntityOfPage":{"@id":"https:\/\/epochtimestr.com\/index.php\/gonul-ulku-ozcan-vefat-etti"},"wordCount":161,"commentCount":0,"publisher":{"@id":"https:\/\/epochtimestr.com\/#organization"},"image":{"@id":"https:\/\/epochtimestr.com\/index.php\/gonul-ulku-ozcan-vefat-etti#primaryimage"},"thumbnailUrl":"https:\/\/epochtimestr.com\/wp-content\/uploads\/2011y\/son-dakika-ETyeni-1.jpg","keywords":["G\u00f6n\u00fcl \u00dclk\u00fc \u00d6zcan","hayat\u0131n\u0131 kaybetti","tiyatro","vefat ett"],"articleSection":["G\u00dcNDEM","T\u00dcRK\u0130YE"],"inLanguage":"tr","potentialAction":[{"@type":"CommentAction","name":"Comment","target":["https:\/\/epochtimestr.com\/index.php\/gonul-ulku-ozcan-vefat-etti#respond"]}]},{"@type":"WebPage","@id":"https:\/\/epochtimestr.com\/index.php\/gonul-ulku-ozcan-vefat-etti","url":"https:\/\/epochtimestr.com\/index.php\/gonul-ulku-ozcan-vefat-etti","name":"G\u00f6n\u00fcl \u00dclk\u00fc \u00d6zcan Vefat Etti - The Epoch Times TR","isPartOf":{"@id":"https:\/\/epochtimestr.com\/#website"},"primaryImageOfPage":{"@id":"https:\/\/epochtimestr.com\/index.php\/gonul-ulku-ozcan-vefat-etti#primaryimage"},"image":{"@id":"https:\/\/epochtimestr.com\/index.php\/gonul-ulku-ozcan-vefat-etti#primaryimage"},"thumbnailUrl":"https:\/\/epochtimestr.com\/wp-content\/uploads\/2011y\/son-dakika-ETyeni-1.jpg","datePublished":"2016-11-02T19:41:05+00:00","dateModified":"2016-11-02T20:14:28+00:00","inLanguage":"tr","potentialAction":[{"@type":"ReadAction","target":["https:\/\/epochtimestr.com\/index.php\/gonul-ulku-ozcan-vefat-etti"]}]},{"@type":"ImageObject","inLanguage":"tr","@id":"https:\/\/epochtimestr.com\/index.php\/gonul-ulku-ozcan-vefat-etti#primaryimage","url":"https:\/\/epochtimestr.com\/wp-content\/uploads\/2011y\/son-dakika-ETyeni-1.jpg","contentUrl":"https:\/\/epochtimestr.com\/wp-content\/uploads\/2011y\/son-dakika-ETyeni-1.jpg","width":600,"height":315},{"@type":"WebSite","@id":"https:\/\/epochtimestr.com\/#website","url":"https:\/\/epochtimestr.com\/","name":"The Epoch Times TR","description":"De\u011fi\u015fen D\u00fcnyam\u0131za Taze Bir Bak\u0131\u015f","publisher":{"@id":"https:\/\/epochtimestr.com\/#organization"},"potentialAction":[{"@type":"SearchAction","target":{"@type":"EntryPoint","urlTemplate":"https:\/\/epochtimestr.com\/?s={search_term_string}"},"query-input":"required name=search_term_string"}],"inLanguage":"tr"},{"@type":"Organization","@id":"https:\/\/epochtimestr.com\/#organization","name":"The EpochTimes T\u00fcrkiye","url":"https:\/\/epochtimestr.com\/","logo":{"@type":"ImageObject","inLanguage":"tr","@id":"https:\/\/epochtimestr.com\/#\/schema\/logo\/image\/","url":"https:\/\/epochtimestr.com\/wp-content\/uploads\/2011y\/ET-Logo-YG.jpg","contentUrl":"https:\/\/epochtimestr.com\/wp-content\/uploads\/2011y\/ET-Logo-YG.jpg","width":346,"height":29,"caption":"The EpochTimes T\u00fcrkiye"},"image":{"@id":"https:\/\/epochtimestr.com\/#\/schema\/logo\/image\/"},"sameAs":["https:\/\/www.facebook.com\/theepochtimestr","https:\/\/x.com\/TheEpochTimesTR","https:\/\/www.instagram.com\/epochtimestr"]},{"@type":"Person","@id":"https:\/\/epochtimestr.com\/#\/schema\/person\/412e3e18fe3d446442ee7c2c11db0c47","name":"Dila \u015eeng\u00fcl","image":{"@type":"ImageObject","inLanguage":"tr","@id":"https:\/\/epochtimestr.com\/#\/schema\/person\/image\/","url":"https:\/\/secure.gravatar.com\/avatar\/96e2af9ac9b3efd03257d930e8b4a5d2?s=96&d=mm&r=g","contentUrl":"https:\/\/secure.gravatar.com\/avatar\/96e2af9ac9b3efd03257d930e8b4a5d2?s=96&d=mm&r=g","caption":"Dila \u015eeng\u00fcl"},"url":"https:\/\/epochtimestr.com\/index.php\/author\/dila"}]}},"_links":{"self":[{"href":"https:\/\/epochtimestr.com\/index.php\/wp-json\/wp\/v2\/posts\/96600"}],"collection":[{"href":"https:\/\/epochtimestr.com\/index.php\/wp-json\/wp\/v2\/posts"}],"about":[{"href":"https:\/\/epochtimestr.com\/index.php\/wp-json\/wp\/v2\/types\/post"}],"author":[{"embeddable":true,"href":"https:\/\/epochtimestr.com\/index.php\/wp-json\/wp\/v2\/users\/12464"}],"replies":[{"embeddable":true,"href":"https:\/\/epochtimestr.com\/index.php\/wp-json\/wp\/v2\/comments?post=96600"}],"version-history":[{"count":7,"href":"https:\/\/epochtimestr.com\/index.php\/wp-json\/wp\/v2\/posts\/96600\/revisions"}],"predecessor-version":[{"id":96608,"href":"https:\/\/epochtimestr.com\/index.php\/wp-json\/wp\/v2\/posts\/96600\/revisions\/96608"}],"wp:featuredmedia":[{"embeddable":true,"href":"https:\/\/epochtimestr.com\/index.php\/wp-json\/wp\/v2\/media\/94191"}],"wp:attachment":[{"href":"https:\/\/epochtimestr.com\/index.php\/wp-json\/wp\/v2\/media?parent=96600"}],"wp:term":[{"taxonomy":"category","embeddable":true,"href":"https:\/\/epochtimestr.com\/index.php\/wp-json\/wp\/v2\/categories?post=96600"},{"taxonomy":"post_tag","embeddable":true,"href":"https:\/\/epochtimestr.com\/index.php\/wp-json\/wp\/v2\/tags?post=96600"}],"curies":[{"name":"wp","href":"https:\/\/api.w.org\/{rel}","templated":true}]}}