{"id":96779,"date":"2016-11-07T11:35:30","date_gmt":"2016-11-07T08:35:30","guid":{"rendered":"http:\/\/epochtimestr.com\/?p=96779"},"modified":"2016-11-07T11:35:30","modified_gmt":"2016-11-07T08:35:30","slug":"yenilenen-sultanahmet-camii-havadan-goruntulendi","status":"publish","type":"post","link":"https:\/\/epochtimestr.com\/index.php\/yenilenen-sultanahmet-camii-havadan-goruntulendi","title":{"rendered":"Yenilenen Sultanahmet Camii Havadan G\u00f6r\u00fcnt\u00fclendi"},"content":{"rendered":"<figure id=\"attachment_96780\" aria-describedby=\"caption-attachment-96780\" style=\"width: 600px\" class=\"wp-caption aligncenter\"><img loading=\"lazy\" decoding=\"async\" class=\"wp-image-96780 size-large\" src=\"https:\/\/epochtimestr.com\/wp-content\/uploads\/2011y\/1827959-600x320.jpg\" alt=\"DCIM100MEDIADJI_0005.JPG\" width=\"600\" height=\"320\" srcset=\"https:\/\/epochtimestr.com\/wp-content\/uploads\/2011y\/1827959-600x320.jpg 600w, https:\/\/epochtimestr.com\/wp-content\/uploads\/2011y\/1827959-150x80.jpg 150w, https:\/\/epochtimestr.com\/wp-content\/uploads\/2011y\/1827959-300x160.jpg 300w, https:\/\/epochtimestr.com\/wp-content\/uploads\/2011y\/1827959-292x156.jpg 292w, https:\/\/epochtimestr.com\/wp-content\/uploads\/2011y\/1827959-638x340.jpg 638w, https:\/\/epochtimestr.com\/wp-content\/uploads\/2011y\/1827959-190x100.jpg 190w, https:\/\/epochtimestr.com\/wp-content\/uploads\/2011y\/1827959-629x335.jpg 629w, https:\/\/epochtimestr.com\/wp-content\/uploads\/2011y\/1827959.jpg 664w\" sizes=\"(max-width: 600px) 100vw, 600px\" \/><figcaption id=\"caption-attachment-96780\" class=\"wp-caption-text\">Foto\u011fraf:\u0130HA<\/figcaption><\/figure>\n<p>400 y\u0131ll\u0131k tarihi Sultanahmet Camii&#8217;nin minare restorasyonu tamamland\u0131. Minaresi s\u00f6k\u00fclerek yeniden \u00f6r\u00fclen cami havadan g\u00f6r\u00fcnt\u00fclendi<\/p>\n<p>Sultanahmet Camii\u2019nde uzun s\u00fcren \u00e7al\u0131\u015fmalar kapsam\u0131nda caminin 6 minaresinden birinin kaymakta oldu\u011fu tespit edilmi\u015fti. 400 y\u0131ll\u0131k caminin sa\u011f \u00f6n minarenin konservasyonu i\u00e7in hummal\u0131 bir \u00e7al\u0131\u015fma ba\u015flat\u0131lm\u0131\u015ft\u0131. Yakla\u015f\u0131k 2 y\u0131l s\u00fcren restorasyon \u00e7al\u0131\u015fmas\u0131 sona erdi. 400 ila 700 kilogram aras\u0131nda de\u011fi\u015fen 532 ta\u015f s\u00f6k\u00fclerek laboratuvar \u00e7al\u0131\u015fmalar\u0131 sonucunda yeniden \u00f6r\u00fcld\u00fc.<\/p>\n<p><strong>&#8220;Ta\u015flarda ciddi a\u015f\u0131nmalar meydana gelmi\u015f&#8221;<\/strong><br \/>\n\u0130stanbul Vak\u0131flar 1.B\u00f6lge M\u00fcd\u00fcr\u00fc M\u00fcrsel Sar\u0131, Vak\u0131flar Genel M\u00fcd\u00fcrl\u00fc\u011f\u00fc taraf\u0131ndan yapt\u0131r\u0131lan restorasyon hakk\u0131nda bilgiler verdi. Restorasyon \u00e7al\u0131\u015fmalar\u0131n\u0131n \u00f6ng\u00f6r\u00fclenden farkl\u0131 \u015fekilde ilerledi\u011fini ifade eden Sar\u0131, minare ta\u015flar\u0131nda ciddi derecede a\u015f\u0131nmalar meydana geldi\u011fini ifade etti. Toplamda 532 ta\u015f\u0131n s\u00f6k\u00fcld\u00fc\u011f\u00fc restorasyonun bilimsel \u00e7al\u0131\u015fmalarla desteklendi\u011finin alt\u0131n\u0131 \u00e7izen Sar\u0131 konu\u015fmas\u0131n\u0131n devam\u0131nda \u015fu ifadelere yer verdi:<\/p>\n<p><strong>&#8220;Minare ta\u015flar\u0131 400 ila 700 kilogram a\u011f\u0131rl\u0131\u011f\u0131nda&#8221;<\/strong><br \/>\n&#8220;Projede 25 s\u0131ra ta\u015f\u0131n s\u00f6k\u00fclmesi \u00f6n g\u00f6r\u00fcl\u00fcyordu. Bunlar s\u00f6k\u00fcld\u00fc\u011f\u00fcnde bakt\u0131k ki minare ta\u015flar\u0131n\u0131 birbirine ba\u011flayan aparatlarda ciddi a\u015f\u0131nmalar olmu\u015f. Tekrar dan\u0131\u015fman ve statik hocalar\u0131m\u0131z taraf\u0131ndan 6 s\u0131ra daha s\u00f6k\u00fclmesi \u00f6n g\u00f6r\u00fcld\u00fc. Onlar\u0131n da s\u00f6k\u00fcm\u00fc yap\u0131ld\u0131ktan sonra tekrar ta\u015flar \u00f6r\u00fclmeye ba\u015fland\u0131. Bahsetti\u011fimiz her ta\u015f\u0131n bir tanesi 400 ila 700 kilo a\u011f\u0131rl\u0131\u011f\u0131nda. Toplam 532 adet ta\u015f s\u00f6k\u00fcld\u00fc. Bunlar\u0131n her birinin laboratuvar ortam\u0131nda deneyleri yap\u0131ld\u0131. Ne kadar a\u015f\u0131nma var, hangileri tamamlanacak gibi \u00f6l\u00e7\u00fcmler yap\u0131ld\u0131. Yakla\u015f\u0131k 371 tanesinde konservasyon i\u015flemi uyguland\u0131. 28 ta\u015fta herhangi bir kay\u0131p yoktu, onlar ayn\u0131 \u015fekilde kullan\u0131ld\u0131. Di\u011fer kalan 170 k\u00fcs\u00fcr ta\u015f da yeniden imal edilerek minareye koyuldu. 2 y\u0131l gibi bir s\u00fcre i\u00e7erisinde ge\u00e7ti\u011fimiz eyl\u00fcl ay\u0131 bitmi\u015f oldu.&#8221;<br \/>\n\u00c7al\u0131\u015fmalar kapsam\u0131nda minarenin bak\u0131r alemi ve 16.5 metre y\u00fcksekli\u011findeki ah\u015fap seren dire\u011fi de s\u00f6k\u00fcld\u00fc. Kur\u015fun kaplamalar\u0131 yap\u0131larak minare statik a\u00e7\u0131dan sa\u011flamla\u015ft\u0131r\u0131ld\u0131.<\/p>\n<p><strong>Turistler &#8216;Mavi Cami&#8217; diye adland\u0131r\u0131yor<br \/>\n<\/strong> Sultanahmet Camii, 1609-1616 y\u0131llar\u0131 aras\u0131nda Osmanl\u0131 Padi\u015fah\u0131 I. Ahmed taraf\u0131ndan \u0130stanbul&#8217;daki tarihi yar\u0131madada, Mimar Sedefkar Mehmed A\u011fa&#8217;ya yapt\u0131r\u0131lm\u0131\u015ft\u0131r. Cami mavi, ye\u015fil ve beyaz renkli \u0130znik \u00e7inileriyle bezendi\u011fi i\u00e7in ve yar\u0131m kubbeleri ve b\u00fcy\u00fck kubbesinin i\u00e7i de yine mavi a\u011f\u0131rl\u0131kl\u0131 kalem i\u015fleri ile s\u00fcslendi\u011fi i\u00e7in Avrupal\u0131larca &#8216;Mavi Cami&#8217; (Blue Mosque) olarak adland\u0131r\u0131l\u0131r. Sultanahmet Camii, T\u00fcrkiye\u2019nin 6 minareli ilk camisidir.<\/p>\n<p><em>\u0130HA<\/em><\/p>\n","protected":false},"excerpt":{"rendered":"<p>400 y\u0131ll\u0131k tarihi Sultanahmet Camii&#8217;nin minare restorasyonu tamamland\u0131. Minaresi s\u00f6k\u00fclerek yeniden \u00f6r\u00fclen cami havadan g\u00f6r\u00fcnt\u00fclendi Sultanahmet Camii\u2019nde uzun s\u00fcren \u00e7al\u0131\u015fmalar kapsam\u0131nda caminin 6 minaresinden birinin kaymakta oldu\u011fu tespit edilmi\u015fti. 400 y\u0131ll\u0131k caminin sa\u011f \u00f6n minarenin konservasyonu i\u00e7in hummal\u0131 bir \u00e7al\u0131\u015fma ba\u015flat\u0131lm\u0131\u015ft\u0131. Yakla\u015f\u0131k 2 y\u0131l s\u00fcren restorasyon \u00e7al\u0131\u015fmas\u0131 sona erdi. 400 ila 700 kilogram aras\u0131nda de\u011fi\u015fen [&hellip;]<\/p>\n","protected":false},"author":12464,"featured_media":96780,"comment_status":"open","ping_status":"open","sticky":false,"template":"","format":"standard","meta":{"_yoast_wpseo_focuskw":"","_yoast_wpseo_title":"","_yoast_wpseo_metadesc":"","_bbp_topic_count":0,"_bbp_reply_count":0,"_bbp_total_topic_count":0,"_bbp_total_reply_count":0,"_bbp_voice_count":0,"_bbp_anonymous_reply_count":0,"_bbp_topic_count_hidden":0,"_bbp_reply_count_hidden":0,"_bbp_forum_subforum_count":0,"footnotes":"","_yoast_wpseo_focuskw_text_input":""},"categories":[1,37],"tags":[2720],"yoast_head":"<!-- This site is optimized with the Yoast SEO plugin v23.0 - https:\/\/yoast.com\/wordpress\/plugins\/seo\/ -->\n<title>Yenilenen Sultanahmet Camii Havadan G\u00f6r\u00fcnt\u00fclendi - The Epoch Times TR<\/title>\n<meta name=\"robots\" content=\"index, follow, max-snippet:-1, max-image-preview:large, max-video-preview:-1\" \/>\n<link rel=\"canonical\" href=\"https:\/\/epochtimestr.com\/index.php\/yenilenen-sultanahmet-camii-havadan-goruntulendi\" \/>\n<meta property=\"og:locale\" content=\"tr_TR\" \/>\n<meta property=\"og:type\" content=\"article\" \/>\n<meta property=\"og:title\" content=\"Yenilenen Sultanahmet Camii Havadan G\u00f6r\u00fcnt\u00fclendi - The Epoch Times TR\" \/>\n<meta property=\"og:description\" content=\"400 y\u0131ll\u0131k tarihi Sultanahmet Camii&#8217;nin minare restorasyonu tamamland\u0131. Minaresi s\u00f6k\u00fclerek yeniden \u00f6r\u00fclen cami havadan g\u00f6r\u00fcnt\u00fclendi Sultanahmet Camii\u2019nde uzun s\u00fcren \u00e7al\u0131\u015fmalar kapsam\u0131nda caminin 6 minaresinden birinin kaymakta oldu\u011fu tespit edilmi\u015fti. 400 y\u0131ll\u0131k caminin sa\u011f \u00f6n minarenin konservasyonu i\u00e7in hummal\u0131 bir \u00e7al\u0131\u015fma ba\u015flat\u0131lm\u0131\u015ft\u0131. Yakla\u015f\u0131k 2 y\u0131l s\u00fcren restorasyon \u00e7al\u0131\u015fmas\u0131 sona erdi. 400 ila 700 kilogram aras\u0131nda de\u011fi\u015fen [&hellip;]\" \/>\n<meta property=\"og:url\" content=\"https:\/\/epochtimestr.com\/index.php\/yenilenen-sultanahmet-camii-havadan-goruntulendi\" \/>\n<meta property=\"og:site_name\" content=\"The Epoch Times TR\" \/>\n<meta property=\"article:publisher\" content=\"https:\/\/www.facebook.com\/theepochtimestr\" \/>\n<meta property=\"article:published_time\" content=\"2016-11-07T08:35:30+00:00\" \/>\n<meta property=\"og:image\" content=\"https:\/\/epochtimestr.com\/wp-content\/uploads\/2011y\/1827959.jpg\" \/>\n\t<meta property=\"og:image:width\" content=\"664\" \/>\n\t<meta property=\"og:image:height\" content=\"354\" \/>\n\t<meta property=\"og:image:type\" content=\"image\/jpeg\" \/>\n<meta name=\"author\" content=\"Dila \u015eeng\u00fcl\" \/>\n<meta name=\"twitter:card\" content=\"summary_large_image\" \/>\n<meta name=\"twitter:creator\" content=\"@TheEpochTimesTR\" \/>\n<meta name=\"twitter:site\" content=\"@TheEpochTimesTR\" \/>\n<meta name=\"twitter:label1\" content=\"Yazan:\" \/>\n\t<meta name=\"twitter:data1\" content=\"Dila \u015eeng\u00fcl\" \/>\n\t<meta name=\"twitter:label2\" content=\"Tahmini okuma s\u00fcresi\" \/>\n\t<meta name=\"twitter:data2\" content=\"2 dakika\" \/>\n<script type=\"application\/ld+json\" class=\"yoast-schema-graph\">{\"@context\":\"https:\/\/schema.org\",\"@graph\":[{\"@type\":\"Article\",\"@id\":\"https:\/\/epochtimestr.com\/index.php\/yenilenen-sultanahmet-camii-havadan-goruntulendi#article\",\"isPartOf\":{\"@id\":\"https:\/\/epochtimestr.com\/index.php\/yenilenen-sultanahmet-camii-havadan-goruntulendi\"},\"author\":{\"name\":\"Dila \u015eeng\u00fcl\",\"@id\":\"https:\/\/epochtimestr.com\/#\/schema\/person\/412e3e18fe3d446442ee7c2c11db0c47\"},\"headline\":\"Yenilenen Sultanahmet Camii Havadan G\u00f6r\u00fcnt\u00fclendi\",\"datePublished\":\"2016-11-07T08:35:30+00:00\",\"dateModified\":\"2016-11-07T08:35:30+00:00\",\"mainEntityOfPage\":{\"@id\":\"https:\/\/epochtimestr.com\/index.php\/yenilenen-sultanahmet-camii-havadan-goruntulendi\"},\"wordCount\":490,\"commentCount\":0,\"publisher\":{\"@id\":\"https:\/\/epochtimestr.com\/#organization\"},\"image\":{\"@id\":\"https:\/\/epochtimestr.com\/index.php\/yenilenen-sultanahmet-camii-havadan-goruntulendi#primaryimage\"},\"thumbnailUrl\":\"https:\/\/epochtimestr.com\/wp-content\/uploads\/2011y\/1827959.jpg\",\"keywords\":[\"sultanahmet camii\"],\"articleSection\":[\"G\u00dcNDEM\",\"T\u00dcRK\u0130YE\"],\"inLanguage\":\"tr\",\"potentialAction\":[{\"@type\":\"CommentAction\",\"name\":\"Comment\",\"target\":[\"https:\/\/epochtimestr.com\/index.php\/yenilenen-sultanahmet-camii-havadan-goruntulendi#respond\"]}]},{\"@type\":\"WebPage\",\"@id\":\"https:\/\/epochtimestr.com\/index.php\/yenilenen-sultanahmet-camii-havadan-goruntulendi\",\"url\":\"https:\/\/epochtimestr.com\/index.php\/yenilenen-sultanahmet-camii-havadan-goruntulendi\",\"name\":\"Yenilenen Sultanahmet Camii Havadan G\u00f6r\u00fcnt\u00fclendi - The Epoch Times TR\",\"isPartOf\":{\"@id\":\"https:\/\/epochtimestr.com\/#website\"},\"primaryImageOfPage\":{\"@id\":\"https:\/\/epochtimestr.com\/index.php\/yenilenen-sultanahmet-camii-havadan-goruntulendi#primaryimage\"},\"image\":{\"@id\":\"https:\/\/epochtimestr.com\/index.php\/yenilenen-sultanahmet-camii-havadan-goruntulendi#primaryimage\"},\"thumbnailUrl\":\"https:\/\/epochtimestr.com\/wp-content\/uploads\/2011y\/1827959.jpg\",\"datePublished\":\"2016-11-07T08:35:30+00:00\",\"dateModified\":\"2016-11-07T08:35:30+00:00\",\"inLanguage\":\"tr\",\"potentialAction\":[{\"@type\":\"ReadAction\",\"target\":[\"https:\/\/epochtimestr.com\/index.php\/yenilenen-sultanahmet-camii-havadan-goruntulendi\"]}]},{\"@type\":\"ImageObject\",\"inLanguage\":\"tr\",\"@id\":\"https:\/\/epochtimestr.com\/index.php\/yenilenen-sultanahmet-camii-havadan-goruntulendi#primaryimage\",\"url\":\"https:\/\/epochtimestr.com\/wp-content\/uploads\/2011y\/1827959.jpg\",\"contentUrl\":\"https:\/\/epochtimestr.com\/wp-content\/uploads\/2011y\/1827959.jpg\",\"width\":664,\"height\":354,\"caption\":\"DCIM100MEDIADJI_0005.JPG\"},{\"@type\":\"WebSite\",\"@id\":\"https:\/\/epochtimestr.com\/#website\",\"url\":\"https:\/\/epochtimestr.com\/\",\"name\":\"The Epoch Times TR\",\"description\":\"De\u011fi\u015fen D\u00fcnyam\u0131za Taze Bir Bak\u0131\u015f\",\"publisher\":{\"@id\":\"https:\/\/epochtimestr.com\/#organization\"},\"potentialAction\":[{\"@type\":\"SearchAction\",\"target\":{\"@type\":\"EntryPoint\",\"urlTemplate\":\"https:\/\/epochtimestr.com\/?s={search_term_string}\"},\"query-input\":\"required name=search_term_string\"}],\"inLanguage\":\"tr\"},{\"@type\":\"Organization\",\"@id\":\"https:\/\/epochtimestr.com\/#organization\",\"name\":\"The EpochTimes T\u00fcrkiye\",\"url\":\"https:\/\/epochtimestr.com\/\",\"logo\":{\"@type\":\"ImageObject\",\"inLanguage\":\"tr\",\"@id\":\"https:\/\/epochtimestr.com\/#\/schema\/logo\/image\/\",\"url\":\"https:\/\/epochtimestr.com\/wp-content\/uploads\/2011y\/ET-Logo-YG.jpg\",\"contentUrl\":\"https:\/\/epochtimestr.com\/wp-content\/uploads\/2011y\/ET-Logo-YG.jpg\",\"width\":346,\"height\":29,\"caption\":\"The EpochTimes T\u00fcrkiye\"},\"image\":{\"@id\":\"https:\/\/epochtimestr.com\/#\/schema\/logo\/image\/\"},\"sameAs\":[\"https:\/\/www.facebook.com\/theepochtimestr\",\"https:\/\/x.com\/TheEpochTimesTR\",\"https:\/\/www.instagram.com\/epochtimestr\"]},{\"@type\":\"Person\",\"@id\":\"https:\/\/epochtimestr.com\/#\/schema\/person\/412e3e18fe3d446442ee7c2c11db0c47\",\"name\":\"Dila \u015eeng\u00fcl\",\"image\":{\"@type\":\"ImageObject\",\"inLanguage\":\"tr\",\"@id\":\"https:\/\/epochtimestr.com\/#\/schema\/person\/image\/\",\"url\":\"https:\/\/secure.gravatar.com\/avatar\/96e2af9ac9b3efd03257d930e8b4a5d2?s=96&d=mm&r=g\",\"contentUrl\":\"https:\/\/secure.gravatar.com\/avatar\/96e2af9ac9b3efd03257d930e8b4a5d2?s=96&d=mm&r=g\",\"caption\":\"Dila \u015eeng\u00fcl\"},\"url\":\"https:\/\/epochtimestr.com\/index.php\/author\/dila\"}]}<\/script>\n<!-- \/ Yoast SEO plugin. -->","yoast_head_json":{"title":"Yenilenen Sultanahmet Camii Havadan G\u00f6r\u00fcnt\u00fclendi - The Epoch Times TR","robots":{"index":"index","follow":"follow","max-snippet":"max-snippet:-1","max-image-preview":"max-image-preview:large","max-video-preview":"max-video-preview:-1"},"canonical":"https:\/\/epochtimestr.com\/index.php\/yenilenen-sultanahmet-camii-havadan-goruntulendi","og_locale":"tr_TR","og_type":"article","og_title":"Yenilenen Sultanahmet Camii Havadan G\u00f6r\u00fcnt\u00fclendi - The Epoch Times TR","og_description":"400 y\u0131ll\u0131k tarihi Sultanahmet Camii&#8217;nin minare restorasyonu tamamland\u0131. Minaresi s\u00f6k\u00fclerek yeniden \u00f6r\u00fclen cami havadan g\u00f6r\u00fcnt\u00fclendi Sultanahmet Camii\u2019nde uzun s\u00fcren \u00e7al\u0131\u015fmalar kapsam\u0131nda caminin 6 minaresinden birinin kaymakta oldu\u011fu tespit edilmi\u015fti. 400 y\u0131ll\u0131k caminin sa\u011f \u00f6n minarenin konservasyonu i\u00e7in hummal\u0131 bir \u00e7al\u0131\u015fma ba\u015flat\u0131lm\u0131\u015ft\u0131. Yakla\u015f\u0131k 2 y\u0131l s\u00fcren restorasyon \u00e7al\u0131\u015fmas\u0131 sona erdi. 400 ila 700 kilogram aras\u0131nda de\u011fi\u015fen [&hellip;]","og_url":"https:\/\/epochtimestr.com\/index.php\/yenilenen-sultanahmet-camii-havadan-goruntulendi","og_site_name":"The Epoch Times TR","article_publisher":"https:\/\/www.facebook.com\/theepochtimestr","article_published_time":"2016-11-07T08:35:30+00:00","og_image":[{"width":664,"height":354,"url":"https:\/\/epochtimestr.com\/wp-content\/uploads\/2011y\/1827959.jpg","type":"image\/jpeg"}],"author":"Dila \u015eeng\u00fcl","twitter_card":"summary_large_image","twitter_creator":"@TheEpochTimesTR","twitter_site":"@TheEpochTimesTR","twitter_misc":{"Yazan:":"Dila \u015eeng\u00fcl","Tahmini okuma s\u00fcresi":"2 dakika"},"schema":{"@context":"https:\/\/schema.org","@graph":[{"@type":"Article","@id":"https:\/\/epochtimestr.com\/index.php\/yenilenen-sultanahmet-camii-havadan-goruntulendi#article","isPartOf":{"@id":"https:\/\/epochtimestr.com\/index.php\/yenilenen-sultanahmet-camii-havadan-goruntulendi"},"author":{"name":"Dila \u015eeng\u00fcl","@id":"https:\/\/epochtimestr.com\/#\/schema\/person\/412e3e18fe3d446442ee7c2c11db0c47"},"headline":"Yenilenen Sultanahmet Camii Havadan G\u00f6r\u00fcnt\u00fclendi","datePublished":"2016-11-07T08:35:30+00:00","dateModified":"2016-11-07T08:35:30+00:00","mainEntityOfPage":{"@id":"https:\/\/epochtimestr.com\/index.php\/yenilenen-sultanahmet-camii-havadan-goruntulendi"},"wordCount":490,"commentCount":0,"publisher":{"@id":"https:\/\/epochtimestr.com\/#organization"},"image":{"@id":"https:\/\/epochtimestr.com\/index.php\/yenilenen-sultanahmet-camii-havadan-goruntulendi#primaryimage"},"thumbnailUrl":"https:\/\/epochtimestr.com\/wp-content\/uploads\/2011y\/1827959.jpg","keywords":["sultanahmet camii"],"articleSection":["G\u00dcNDEM","T\u00dcRK\u0130YE"],"inLanguage":"tr","potentialAction":[{"@type":"CommentAction","name":"Comment","target":["https:\/\/epochtimestr.com\/index.php\/yenilenen-sultanahmet-camii-havadan-goruntulendi#respond"]}]},{"@type":"WebPage","@id":"https:\/\/epochtimestr.com\/index.php\/yenilenen-sultanahmet-camii-havadan-goruntulendi","url":"https:\/\/epochtimestr.com\/index.php\/yenilenen-sultanahmet-camii-havadan-goruntulendi","name":"Yenilenen Sultanahmet Camii Havadan G\u00f6r\u00fcnt\u00fclendi - The Epoch Times TR","isPartOf":{"@id":"https:\/\/epochtimestr.com\/#website"},"primaryImageOfPage":{"@id":"https:\/\/epochtimestr.com\/index.php\/yenilenen-sultanahmet-camii-havadan-goruntulendi#primaryimage"},"image":{"@id":"https:\/\/epochtimestr.com\/index.php\/yenilenen-sultanahmet-camii-havadan-goruntulendi#primaryimage"},"thumbnailUrl":"https:\/\/epochtimestr.com\/wp-content\/uploads\/2011y\/1827959.jpg","datePublished":"2016-11-07T08:35:30+00:00","dateModified":"2016-11-07T08:35:30+00:00","inLanguage":"tr","potentialAction":[{"@type":"ReadAction","target":["https:\/\/epochtimestr.com\/index.php\/yenilenen-sultanahmet-camii-havadan-goruntulendi"]}]},{"@type":"ImageObject","inLanguage":"tr","@id":"https:\/\/epochtimestr.com\/index.php\/yenilenen-sultanahmet-camii-havadan-goruntulendi#primaryimage","url":"https:\/\/epochtimestr.com\/wp-content\/uploads\/2011y\/1827959.jpg","contentUrl":"https:\/\/epochtimestr.com\/wp-content\/uploads\/2011y\/1827959.jpg","width":664,"height":354,"caption":"DCIM100MEDIADJI_0005.JPG"},{"@type":"WebSite","@id":"https:\/\/epochtimestr.com\/#website","url":"https:\/\/epochtimestr.com\/","name":"The Epoch Times TR","description":"De\u011fi\u015fen D\u00fcnyam\u0131za Taze Bir Bak\u0131\u015f","publisher":{"@id":"https:\/\/epochtimestr.com\/#organization"},"potentialAction":[{"@type":"SearchAction","target":{"@type":"EntryPoint","urlTemplate":"https:\/\/epochtimestr.com\/?s={search_term_string}"},"query-input":"required name=search_term_string"}],"inLanguage":"tr"},{"@type":"Organization","@id":"https:\/\/epochtimestr.com\/#organization","name":"The EpochTimes T\u00fcrkiye","url":"https:\/\/epochtimestr.com\/","logo":{"@type":"ImageObject","inLanguage":"tr","@id":"https:\/\/epochtimestr.com\/#\/schema\/logo\/image\/","url":"https:\/\/epochtimestr.com\/wp-content\/uploads\/2011y\/ET-Logo-YG.jpg","contentUrl":"https:\/\/epochtimestr.com\/wp-content\/uploads\/2011y\/ET-Logo-YG.jpg","width":346,"height":29,"caption":"The EpochTimes T\u00fcrkiye"},"image":{"@id":"https:\/\/epochtimestr.com\/#\/schema\/logo\/image\/"},"sameAs":["https:\/\/www.facebook.com\/theepochtimestr","https:\/\/x.com\/TheEpochTimesTR","https:\/\/www.instagram.com\/epochtimestr"]},{"@type":"Person","@id":"https:\/\/epochtimestr.com\/#\/schema\/person\/412e3e18fe3d446442ee7c2c11db0c47","name":"Dila \u015eeng\u00fcl","image":{"@type":"ImageObject","inLanguage":"tr","@id":"https:\/\/epochtimestr.com\/#\/schema\/person\/image\/","url":"https:\/\/secure.gravatar.com\/avatar\/96e2af9ac9b3efd03257d930e8b4a5d2?s=96&d=mm&r=g","contentUrl":"https:\/\/secure.gravatar.com\/avatar\/96e2af9ac9b3efd03257d930e8b4a5d2?s=96&d=mm&r=g","caption":"Dila \u015eeng\u00fcl"},"url":"https:\/\/epochtimestr.com\/index.php\/author\/dila"}]}},"_links":{"self":[{"href":"https:\/\/epochtimestr.com\/index.php\/wp-json\/wp\/v2\/posts\/96779"}],"collection":[{"href":"https:\/\/epochtimestr.com\/index.php\/wp-json\/wp\/v2\/posts"}],"about":[{"href":"https:\/\/epochtimestr.com\/index.php\/wp-json\/wp\/v2\/types\/post"}],"author":[{"embeddable":true,"href":"https:\/\/epochtimestr.com\/index.php\/wp-json\/wp\/v2\/users\/12464"}],"replies":[{"embeddable":true,"href":"https:\/\/epochtimestr.com\/index.php\/wp-json\/wp\/v2\/comments?post=96779"}],"version-history":[{"count":1,"href":"https:\/\/epochtimestr.com\/index.php\/wp-json\/wp\/v2\/posts\/96779\/revisions"}],"predecessor-version":[{"id":96781,"href":"https:\/\/epochtimestr.com\/index.php\/wp-json\/wp\/v2\/posts\/96779\/revisions\/96781"}],"wp:featuredmedia":[{"embeddable":true,"href":"https:\/\/epochtimestr.com\/index.php\/wp-json\/wp\/v2\/media\/96780"}],"wp:attachment":[{"href":"https:\/\/epochtimestr.com\/index.php\/wp-json\/wp\/v2\/media?parent=96779"}],"wp:term":[{"taxonomy":"category","embeddable":true,"href":"https:\/\/epochtimestr.com\/index.php\/wp-json\/wp\/v2\/categories?post=96779"},{"taxonomy":"post_tag","embeddable":true,"href":"https:\/\/epochtimestr.com\/index.php\/wp-json\/wp\/v2\/tags?post=96779"}],"curies":[{"name":"wp","href":"https:\/\/api.w.org\/{rel}","templated":true}]}}