{"id":9701,"date":"2010-08-29T00:59:10","date_gmt":"2010-08-28T22:59:10","guid":{"rendered":"http:\/\/www.epochtimestr.com\/?p=9701"},"modified":"2010-08-29T00:59:10","modified_gmt":"2010-08-28T22:59:10","slug":"malmo-kultur-festivalinde-binden-fazla-program-gosterildi","status":"publish","type":"post","link":"https:\/\/epochtimestr.com\/index.php\/malmo-kultur-festivalinde-binden-fazla-program-gosterildi","title":{"rendered":"Malm\u00f6 K\u00fclt\u00fcr Festivali&#8217;nde Binden Fazla Program G\u00f6sterildi"},"content":{"rendered":"<p style=\"text-align: justify;\"><a class=\"highslide\" onclick=\"return vz.expand(this)\" href=\"http:\/\/www.epochtimestr.com\/wp-content\/uploads\/2010\/agustos\/1495776_p3.jpg\"><img loading=\"lazy\" decoding=\"async\" class=\"alignleft size-medium wp-image-9702\" title=\"1495776_p\" src=\"http:\/\/www.epochtimestr.com\/wp-content\/uploads\/2010\/agustos\/1495776_p3-199x300.jpg\" alt=\"\" width=\"199\" height=\"300\" \/><\/a><span style=\"color: #000000;\">\u0130sve\u00e7&#8217;in g\u00fcneyindeki Malm\u00f6&#8217;de 25 y\u0131ld\u0131r d\u00fczenlenen ve d\u00fcn gece sona eren k\u00fclt\u00fcr festivaline 1,5 milyon ki\u015fi kat\u0131ld\u0131. Kom\u015fu Kopenhag&#8217;dan \u00e7ok say\u0131da ki\u015finin de ilgi g\u00f6sterdi\u011fi festivalde bin 8 farkl\u0131 program g\u00f6sterildi. Bu y\u0131l &#8216;ekolojik \u00fcr\u00fcnler&#8217; temas\u0131yla ger\u00e7ekle\u015ftirilen festivalde son gece istenmeyen olaylar ya\u015fand\u0131. Halk\u0131n b\u00fcy\u00fck ilgisi izdihama neden olurken, a\u015f\u0131r\u0131 alkol\u00fcn de etkisiyle \u00e7\u0131kan olaylar\u0131n ard\u0131ndan be\u015f ki\u015fi g\u00f6zalt\u0131na al\u0131nd\u0131. Olaylar \u00fczerine kapan\u0131\u015f konserinin iptal edildi\u011fi belirtildi. Yaz tatiline ba\u015fka \u015fehir ve \u00fclkelere gidemeyen b\u00f6lge halk\u0131na e\u011flenmek i\u00e7in bir alternatif olarak sunulan festivalde birbirinden farkl\u0131 ve renkli organizasyonlar yer al\u0131rken, bundan en \u00e7ok memnun kalanlar ise \u00e7ocuklar oldu. \u00c7ocuklar \u00f6zellikle su \u00fcst\u00fcnde b\u00fcy\u00fck \u015feffaf balonlarla y\u00fcr\u00fcme etkinli\u011fine ilgi g\u00f6sterdi. Ziyaret\u00e7iler, &#8216;arabakondu&#8217; olarak adland\u0131r\u0131labilecek \u00e7al\u0131\u015fma \u00f6n\u00fcnde de foto\u011fraf \u00e7ektirdi.<\/span><\/p>\n","protected":false},"excerpt":{"rendered":"<p>\u0130sve\u00e7&#8217;in g\u00fcneyindeki Malm\u00f6&#8217;de 25 y\u0131ld\u0131r d\u00fczenlenen ve d\u00fcn gece sona eren k\u00fclt\u00fcr festivaline 1,5 milyon ki\u015fi kat\u0131ld\u0131. Kom\u015fu Kopenhag&#8217;dan \u00e7ok say\u0131da ki\u015finin de ilgi g\u00f6sterdi\u011fi festivalde bin 8 farkl\u0131 program g\u00f6sterildi. Bu y\u0131l &#8216;ekolojik \u00fcr\u00fcnler&#8217; temas\u0131yla ger\u00e7ekle\u015ftirilen festivalde son gece istenmeyen olaylar ya\u015fand\u0131. Halk\u0131n b\u00fcy\u00fck ilgisi izdihama neden olurken, a\u015f\u0131r\u0131 alkol\u00fcn de etkisiyle \u00e7\u0131kan olaylar\u0131n [&hellip;]<\/p>\n","protected":false},"author":22,"featured_media":0,"comment_status":"open","ping_status":"open","sticky":false,"template":"","format":"standard","meta":{"_yoast_wpseo_focuskw":"","_yoast_wpseo_title":"","_yoast_wpseo_metadesc":"","_bbp_topic_count":0,"_bbp_reply_count":0,"_bbp_total_topic_count":0,"_bbp_total_reply_count":0,"_bbp_voice_count":0,"_bbp_anonymous_reply_count":0,"_bbp_topic_count_hidden":0,"_bbp_reply_count_hidden":0,"_bbp_forum_subforum_count":0,"footnotes":"","_yoast_wpseo_focuskw_text_input":""},"categories":[5],"tags":[],"yoast_head":"<!-- This site is optimized with the Yoast SEO plugin v23.0 - https:\/\/yoast.com\/wordpress\/plugins\/seo\/ -->\n<title>Malm\u00f6 K\u00fclt\u00fcr Festivali&#039;nde Binden Fazla Program G\u00f6sterildi - The Epoch Times TR<\/title>\n<meta name=\"robots\" content=\"index, follow, max-snippet:-1, max-image-preview:large, max-video-preview:-1\" \/>\n<link rel=\"canonical\" href=\"https:\/\/epochtimestr.com\/index.php\/malmo-kultur-festivalinde-binden-fazla-program-gosterildi\" \/>\n<meta property=\"og:locale\" content=\"tr_TR\" \/>\n<meta property=\"og:type\" content=\"article\" \/>\n<meta property=\"og:title\" content=\"Malm\u00f6 K\u00fclt\u00fcr Festivali&#039;nde Binden Fazla Program G\u00f6sterildi - The Epoch Times TR\" \/>\n<meta property=\"og:description\" content=\"\u0130sve\u00e7&#8217;in g\u00fcneyindeki Malm\u00f6&#8217;de 25 y\u0131ld\u0131r d\u00fczenlenen ve d\u00fcn gece sona eren k\u00fclt\u00fcr festivaline 1,5 milyon ki\u015fi kat\u0131ld\u0131. Kom\u015fu Kopenhag&#8217;dan \u00e7ok say\u0131da ki\u015finin de ilgi g\u00f6sterdi\u011fi festivalde bin 8 farkl\u0131 program g\u00f6sterildi. Bu y\u0131l &#8216;ekolojik \u00fcr\u00fcnler&#8217; temas\u0131yla ger\u00e7ekle\u015ftirilen festivalde son gece istenmeyen olaylar ya\u015fand\u0131. Halk\u0131n b\u00fcy\u00fck ilgisi izdihama neden olurken, a\u015f\u0131r\u0131 alkol\u00fcn de etkisiyle \u00e7\u0131kan olaylar\u0131n [&hellip;]\" \/>\n<meta property=\"og:url\" content=\"https:\/\/epochtimestr.com\/index.php\/malmo-kultur-festivalinde-binden-fazla-program-gosterildi\" \/>\n<meta property=\"og:site_name\" content=\"The Epoch Times TR\" \/>\n<meta property=\"article:publisher\" content=\"https:\/\/www.facebook.com\/theepochtimestr\" \/>\n<meta property=\"article:published_time\" content=\"2010-08-28T22:59:10+00:00\" \/>\n<meta property=\"og:image\" content=\"http:\/\/www.epochtimestr.com\/wp-content\/uploads\/2010\/agustos\/1495776_p3-199x300.jpg\" \/>\n<meta name=\"author\" content=\"G.Hakan Ko\u00e7man\" \/>\n<meta name=\"twitter:card\" content=\"summary_large_image\" \/>\n<meta name=\"twitter:creator\" content=\"@TheEpochTimesTR\" \/>\n<meta name=\"twitter:site\" content=\"@TheEpochTimesTR\" \/>\n<meta name=\"twitter:label1\" content=\"Yazan:\" \/>\n\t<meta name=\"twitter:data1\" content=\"G.Hakan Ko\u00e7man\" \/>\n\t<meta name=\"twitter:label2\" content=\"Tahmini okuma s\u00fcresi\" \/>\n\t<meta name=\"twitter:data2\" content=\"1 dakika\" \/>\n<script type=\"application\/ld+json\" class=\"yoast-schema-graph\">{\"@context\":\"https:\/\/schema.org\",\"@graph\":[{\"@type\":\"Article\",\"@id\":\"https:\/\/epochtimestr.com\/index.php\/malmo-kultur-festivalinde-binden-fazla-program-gosterildi#article\",\"isPartOf\":{\"@id\":\"https:\/\/epochtimestr.com\/index.php\/malmo-kultur-festivalinde-binden-fazla-program-gosterildi\"},\"author\":{\"name\":\"G.Hakan Ko\u00e7man\",\"@id\":\"https:\/\/epochtimestr.com\/#\/schema\/person\/b5509977c9a6cd729a3e74d9743d035b\"},\"headline\":\"Malm\u00f6 K\u00fclt\u00fcr Festivali&#8217;nde Binden Fazla Program G\u00f6sterildi\",\"datePublished\":\"2010-08-28T22:59:10+00:00\",\"dateModified\":\"2010-08-28T22:59:10+00:00\",\"mainEntityOfPage\":{\"@id\":\"https:\/\/epochtimestr.com\/index.php\/malmo-kultur-festivalinde-binden-fazla-program-gosterildi\"},\"wordCount\":179,\"commentCount\":0,\"publisher\":{\"@id\":\"https:\/\/epochtimestr.com\/#organization\"},\"image\":{\"@id\":\"https:\/\/epochtimestr.com\/index.php\/malmo-kultur-festivalinde-binden-fazla-program-gosterildi#primaryimage\"},\"thumbnailUrl\":\"http:\/\/www.epochtimestr.com\/wp-content\/uploads\/2010\/agustos\/1495776_p3-199x300.jpg\",\"articleSection\":[\"D\u00dcNYA\"],\"inLanguage\":\"tr\",\"potentialAction\":[{\"@type\":\"CommentAction\",\"name\":\"Comment\",\"target\":[\"https:\/\/epochtimestr.com\/index.php\/malmo-kultur-festivalinde-binden-fazla-program-gosterildi#respond\"]}]},{\"@type\":\"WebPage\",\"@id\":\"https:\/\/epochtimestr.com\/index.php\/malmo-kultur-festivalinde-binden-fazla-program-gosterildi\",\"url\":\"https:\/\/epochtimestr.com\/index.php\/malmo-kultur-festivalinde-binden-fazla-program-gosterildi\",\"name\":\"Malm\u00f6 K\u00fclt\u00fcr Festivali'nde Binden Fazla Program G\u00f6sterildi - The Epoch Times TR\",\"isPartOf\":{\"@id\":\"https:\/\/epochtimestr.com\/#website\"},\"primaryImageOfPage\":{\"@id\":\"https:\/\/epochtimestr.com\/index.php\/malmo-kultur-festivalinde-binden-fazla-program-gosterildi#primaryimage\"},\"image\":{\"@id\":\"https:\/\/epochtimestr.com\/index.php\/malmo-kultur-festivalinde-binden-fazla-program-gosterildi#primaryimage\"},\"thumbnailUrl\":\"http:\/\/www.epochtimestr.com\/wp-content\/uploads\/2010\/agustos\/1495776_p3-199x300.jpg\",\"datePublished\":\"2010-08-28T22:59:10+00:00\",\"dateModified\":\"2010-08-28T22:59:10+00:00\",\"inLanguage\":\"tr\",\"potentialAction\":[{\"@type\":\"ReadAction\",\"target\":[\"https:\/\/epochtimestr.com\/index.php\/malmo-kultur-festivalinde-binden-fazla-program-gosterildi\"]}]},{\"@type\":\"ImageObject\",\"inLanguage\":\"tr\",\"@id\":\"https:\/\/epochtimestr.com\/index.php\/malmo-kultur-festivalinde-binden-fazla-program-gosterildi#primaryimage\",\"url\":\"http:\/\/www.epochtimestr.com\/wp-content\/uploads\/2010\/agustos\/1495776_p3-199x300.jpg\",\"contentUrl\":\"http:\/\/www.epochtimestr.com\/wp-content\/uploads\/2010\/agustos\/1495776_p3-199x300.jpg\"},{\"@type\":\"WebSite\",\"@id\":\"https:\/\/epochtimestr.com\/#website\",\"url\":\"https:\/\/epochtimestr.com\/\",\"name\":\"The Epoch Times TR\",\"description\":\"De\u011fi\u015fen D\u00fcnyam\u0131za Taze Bir Bak\u0131\u015f\",\"publisher\":{\"@id\":\"https:\/\/epochtimestr.com\/#organization\"},\"potentialAction\":[{\"@type\":\"SearchAction\",\"target\":{\"@type\":\"EntryPoint\",\"urlTemplate\":\"https:\/\/epochtimestr.com\/?s={search_term_string}\"},\"query-input\":\"required name=search_term_string\"}],\"inLanguage\":\"tr\"},{\"@type\":\"Organization\",\"@id\":\"https:\/\/epochtimestr.com\/#organization\",\"name\":\"The EpochTimes T\u00fcrkiye\",\"url\":\"https:\/\/epochtimestr.com\/\",\"logo\":{\"@type\":\"ImageObject\",\"inLanguage\":\"tr\",\"@id\":\"https:\/\/epochtimestr.com\/#\/schema\/logo\/image\/\",\"url\":\"https:\/\/epochtimestr.com\/wp-content\/uploads\/2011y\/ET-Logo-YG.jpg\",\"contentUrl\":\"https:\/\/epochtimestr.com\/wp-content\/uploads\/2011y\/ET-Logo-YG.jpg\",\"width\":346,\"height\":29,\"caption\":\"The EpochTimes T\u00fcrkiye\"},\"image\":{\"@id\":\"https:\/\/epochtimestr.com\/#\/schema\/logo\/image\/\"},\"sameAs\":[\"https:\/\/www.facebook.com\/theepochtimestr\",\"https:\/\/x.com\/TheEpochTimesTR\",\"https:\/\/www.instagram.com\/epochtimestr\"]},{\"@type\":\"Person\",\"@id\":\"https:\/\/epochtimestr.com\/#\/schema\/person\/b5509977c9a6cd729a3e74d9743d035b\",\"name\":\"G.Hakan Ko\u00e7man\",\"image\":{\"@type\":\"ImageObject\",\"inLanguage\":\"tr\",\"@id\":\"https:\/\/epochtimestr.com\/#\/schema\/person\/image\/\",\"url\":\"https:\/\/secure.gravatar.com\/avatar\/e4eafee1ab5d1f4015c3930376b22ca8?s=96&d=mm&r=g\",\"contentUrl\":\"https:\/\/secure.gravatar.com\/avatar\/e4eafee1ab5d1f4015c3930376b22ca8?s=96&d=mm&r=g\",\"caption\":\"G.Hakan Ko\u00e7man\"},\"url\":\"https:\/\/epochtimestr.com\/index.php\/author\/hakan\"}]}<\/script>\n<!-- \/ Yoast SEO plugin. -->","yoast_head_json":{"title":"Malm\u00f6 K\u00fclt\u00fcr Festivali'nde Binden Fazla Program G\u00f6sterildi - The Epoch Times TR","robots":{"index":"index","follow":"follow","max-snippet":"max-snippet:-1","max-image-preview":"max-image-preview:large","max-video-preview":"max-video-preview:-1"},"canonical":"https:\/\/epochtimestr.com\/index.php\/malmo-kultur-festivalinde-binden-fazla-program-gosterildi","og_locale":"tr_TR","og_type":"article","og_title":"Malm\u00f6 K\u00fclt\u00fcr Festivali'nde Binden Fazla Program G\u00f6sterildi - The Epoch Times TR","og_description":"\u0130sve\u00e7&#8217;in g\u00fcneyindeki Malm\u00f6&#8217;de 25 y\u0131ld\u0131r d\u00fczenlenen ve d\u00fcn gece sona eren k\u00fclt\u00fcr festivaline 1,5 milyon ki\u015fi kat\u0131ld\u0131. Kom\u015fu Kopenhag&#8217;dan \u00e7ok say\u0131da ki\u015finin de ilgi g\u00f6sterdi\u011fi festivalde bin 8 farkl\u0131 program g\u00f6sterildi. Bu y\u0131l &#8216;ekolojik \u00fcr\u00fcnler&#8217; temas\u0131yla ger\u00e7ekle\u015ftirilen festivalde son gece istenmeyen olaylar ya\u015fand\u0131. Halk\u0131n b\u00fcy\u00fck ilgisi izdihama neden olurken, a\u015f\u0131r\u0131 alkol\u00fcn de etkisiyle \u00e7\u0131kan olaylar\u0131n [&hellip;]","og_url":"https:\/\/epochtimestr.com\/index.php\/malmo-kultur-festivalinde-binden-fazla-program-gosterildi","og_site_name":"The Epoch Times TR","article_publisher":"https:\/\/www.facebook.com\/theepochtimestr","article_published_time":"2010-08-28T22:59:10+00:00","og_image":[{"url":"http:\/\/www.epochtimestr.com\/wp-content\/uploads\/2010\/agustos\/1495776_p3-199x300.jpg"}],"author":"G.Hakan Ko\u00e7man","twitter_card":"summary_large_image","twitter_creator":"@TheEpochTimesTR","twitter_site":"@TheEpochTimesTR","twitter_misc":{"Yazan:":"G.Hakan Ko\u00e7man","Tahmini okuma s\u00fcresi":"1 dakika"},"schema":{"@context":"https:\/\/schema.org","@graph":[{"@type":"Article","@id":"https:\/\/epochtimestr.com\/index.php\/malmo-kultur-festivalinde-binden-fazla-program-gosterildi#article","isPartOf":{"@id":"https:\/\/epochtimestr.com\/index.php\/malmo-kultur-festivalinde-binden-fazla-program-gosterildi"},"author":{"name":"G.Hakan Ko\u00e7man","@id":"https:\/\/epochtimestr.com\/#\/schema\/person\/b5509977c9a6cd729a3e74d9743d035b"},"headline":"Malm\u00f6 K\u00fclt\u00fcr Festivali&#8217;nde Binden Fazla Program G\u00f6sterildi","datePublished":"2010-08-28T22:59:10+00:00","dateModified":"2010-08-28T22:59:10+00:00","mainEntityOfPage":{"@id":"https:\/\/epochtimestr.com\/index.php\/malmo-kultur-festivalinde-binden-fazla-program-gosterildi"},"wordCount":179,"commentCount":0,"publisher":{"@id":"https:\/\/epochtimestr.com\/#organization"},"image":{"@id":"https:\/\/epochtimestr.com\/index.php\/malmo-kultur-festivalinde-binden-fazla-program-gosterildi#primaryimage"},"thumbnailUrl":"http:\/\/www.epochtimestr.com\/wp-content\/uploads\/2010\/agustos\/1495776_p3-199x300.jpg","articleSection":["D\u00dcNYA"],"inLanguage":"tr","potentialAction":[{"@type":"CommentAction","name":"Comment","target":["https:\/\/epochtimestr.com\/index.php\/malmo-kultur-festivalinde-binden-fazla-program-gosterildi#respond"]}]},{"@type":"WebPage","@id":"https:\/\/epochtimestr.com\/index.php\/malmo-kultur-festivalinde-binden-fazla-program-gosterildi","url":"https:\/\/epochtimestr.com\/index.php\/malmo-kultur-festivalinde-binden-fazla-program-gosterildi","name":"Malm\u00f6 K\u00fclt\u00fcr Festivali'nde Binden Fazla Program G\u00f6sterildi - The Epoch Times TR","isPartOf":{"@id":"https:\/\/epochtimestr.com\/#website"},"primaryImageOfPage":{"@id":"https:\/\/epochtimestr.com\/index.php\/malmo-kultur-festivalinde-binden-fazla-program-gosterildi#primaryimage"},"image":{"@id":"https:\/\/epochtimestr.com\/index.php\/malmo-kultur-festivalinde-binden-fazla-program-gosterildi#primaryimage"},"thumbnailUrl":"http:\/\/www.epochtimestr.com\/wp-content\/uploads\/2010\/agustos\/1495776_p3-199x300.jpg","datePublished":"2010-08-28T22:59:10+00:00","dateModified":"2010-08-28T22:59:10+00:00","inLanguage":"tr","potentialAction":[{"@type":"ReadAction","target":["https:\/\/epochtimestr.com\/index.php\/malmo-kultur-festivalinde-binden-fazla-program-gosterildi"]}]},{"@type":"ImageObject","inLanguage":"tr","@id":"https:\/\/epochtimestr.com\/index.php\/malmo-kultur-festivalinde-binden-fazla-program-gosterildi#primaryimage","url":"http:\/\/www.epochtimestr.com\/wp-content\/uploads\/2010\/agustos\/1495776_p3-199x300.jpg","contentUrl":"http:\/\/www.epochtimestr.com\/wp-content\/uploads\/2010\/agustos\/1495776_p3-199x300.jpg"},{"@type":"WebSite","@id":"https:\/\/epochtimestr.com\/#website","url":"https:\/\/epochtimestr.com\/","name":"The Epoch Times TR","description":"De\u011fi\u015fen D\u00fcnyam\u0131za Taze Bir Bak\u0131\u015f","publisher":{"@id":"https:\/\/epochtimestr.com\/#organization"},"potentialAction":[{"@type":"SearchAction","target":{"@type":"EntryPoint","urlTemplate":"https:\/\/epochtimestr.com\/?s={search_term_string}"},"query-input":"required name=search_term_string"}],"inLanguage":"tr"},{"@type":"Organization","@id":"https:\/\/epochtimestr.com\/#organization","name":"The EpochTimes T\u00fcrkiye","url":"https:\/\/epochtimestr.com\/","logo":{"@type":"ImageObject","inLanguage":"tr","@id":"https:\/\/epochtimestr.com\/#\/schema\/logo\/image\/","url":"https:\/\/epochtimestr.com\/wp-content\/uploads\/2011y\/ET-Logo-YG.jpg","contentUrl":"https:\/\/epochtimestr.com\/wp-content\/uploads\/2011y\/ET-Logo-YG.jpg","width":346,"height":29,"caption":"The EpochTimes T\u00fcrkiye"},"image":{"@id":"https:\/\/epochtimestr.com\/#\/schema\/logo\/image\/"},"sameAs":["https:\/\/www.facebook.com\/theepochtimestr","https:\/\/x.com\/TheEpochTimesTR","https:\/\/www.instagram.com\/epochtimestr"]},{"@type":"Person","@id":"https:\/\/epochtimestr.com\/#\/schema\/person\/b5509977c9a6cd729a3e74d9743d035b","name":"G.Hakan Ko\u00e7man","image":{"@type":"ImageObject","inLanguage":"tr","@id":"https:\/\/epochtimestr.com\/#\/schema\/person\/image\/","url":"https:\/\/secure.gravatar.com\/avatar\/e4eafee1ab5d1f4015c3930376b22ca8?s=96&d=mm&r=g","contentUrl":"https:\/\/secure.gravatar.com\/avatar\/e4eafee1ab5d1f4015c3930376b22ca8?s=96&d=mm&r=g","caption":"G.Hakan Ko\u00e7man"},"url":"https:\/\/epochtimestr.com\/index.php\/author\/hakan"}]}},"_links":{"self":[{"href":"https:\/\/epochtimestr.com\/index.php\/wp-json\/wp\/v2\/posts\/9701"}],"collection":[{"href":"https:\/\/epochtimestr.com\/index.php\/wp-json\/wp\/v2\/posts"}],"about":[{"href":"https:\/\/epochtimestr.com\/index.php\/wp-json\/wp\/v2\/types\/post"}],"author":[{"embeddable":true,"href":"https:\/\/epochtimestr.com\/index.php\/wp-json\/wp\/v2\/users\/22"}],"replies":[{"embeddable":true,"href":"https:\/\/epochtimestr.com\/index.php\/wp-json\/wp\/v2\/comments?post=9701"}],"version-history":[{"count":2,"href":"https:\/\/epochtimestr.com\/index.php\/wp-json\/wp\/v2\/posts\/9701\/revisions"}],"predecessor-version":[{"id":67099,"href":"https:\/\/epochtimestr.com\/index.php\/wp-json\/wp\/v2\/posts\/9701\/revisions\/67099"}],"wp:attachment":[{"href":"https:\/\/epochtimestr.com\/index.php\/wp-json\/wp\/v2\/media?parent=9701"}],"wp:term":[{"taxonomy":"category","embeddable":true,"href":"https:\/\/epochtimestr.com\/index.php\/wp-json\/wp\/v2\/categories?post=9701"},{"taxonomy":"post_tag","embeddable":true,"href":"https:\/\/epochtimestr.com\/index.php\/wp-json\/wp\/v2\/tags?post=9701"}],"curies":[{"name":"wp","href":"https:\/\/api.w.org\/{rel}","templated":true}]}}