{"id":97570,"date":"2016-12-05T11:14:16","date_gmt":"2016-12-05T08:14:16","guid":{"rendered":"http:\/\/epochtimestr.com\/?p=97570"},"modified":"2016-12-05T13:42:02","modified_gmt":"2016-12-05T10:42:02","slug":"bugun-saat-gokturk-1-uydusu-firlatiliyor","status":"publish","type":"post","link":"https:\/\/epochtimestr.com\/index.php\/bugun-saat-gokturk-1-uydusu-firlatiliyor","title":{"rendered":"Bug\u00fcn G\u00f6kt\u00fcrk-1 Uydusu F\u0131rlat\u0131l\u0131yor"},"content":{"rendered":"<figure id=\"attachment_97571\" aria-describedby=\"caption-attachment-97571\" style=\"width: 600px\" class=\"wp-caption alignnone\"><img loading=\"lazy\" decoding=\"async\" class=\"size-large wp-image-97571\" src=\"https:\/\/epochtimestr.com\/wp-content\/uploads\/2011y\/1859278-600x320.jpg\" alt=\"Foto\u011fraf \u0130ha\" width=\"600\" height=\"320\" srcset=\"https:\/\/epochtimestr.com\/wp-content\/uploads\/2011y\/1859278-600x320.jpg 600w, https:\/\/epochtimestr.com\/wp-content\/uploads\/2011y\/1859278-150x80.jpg 150w, https:\/\/epochtimestr.com\/wp-content\/uploads\/2011y\/1859278-300x160.jpg 300w, https:\/\/epochtimestr.com\/wp-content\/uploads\/2011y\/1859278-292x156.jpg 292w, https:\/\/epochtimestr.com\/wp-content\/uploads\/2011y\/1859278-638x340.jpg 638w, https:\/\/epochtimestr.com\/wp-content\/uploads\/2011y\/1859278-190x100.jpg 190w, https:\/\/epochtimestr.com\/wp-content\/uploads\/2011y\/1859278-629x335.jpg 629w, https:\/\/epochtimestr.com\/wp-content\/uploads\/2011y\/1859278.jpg 664w\" sizes=\"(max-width: 600px) 100vw, 600px\" \/><figcaption id=\"caption-attachment-97571\" class=\"wp-caption-text\"><em>\u00a0 \u00a0 \u00a0 \u00a0 \u00a0 \u00a0 \u00a0 \u00a0 \u00a0 \u00a0 \u00a0 \u00a0 \u00a0 \u00a0 \u00a0 \u00a0 \u00a0 \u00a0 \u00a0 \u00a0 \u00a0 \u00a0 \u00a0 \u00a0 \u00a0 \u00a0 \u00a0 \u00a0 \u00a0 \u00a0 \u00a0 \u00a0 \u00a0 \u00a0 \u00a0 \u00a0 \u00a0 \u00a0 \u00a0 \u00a0 \u00a0 \u00a0 \u00a0 \u00a0Foto\u011fraf \u0130ha<\/em><\/figcaption><\/figure>\n<p><strong>G\u00d6KT\u00dcRK-1 uydusu, 5 Aral\u0131k 2016 tarihinde T\u00fcrkiye saati ile 16:51:44\u2019te f\u0131rlat\u0131l\u0131yor.<\/strong><\/p>\n<p>TSK\u2019dan G\u00d6KT\u00dcRK-1 ile ilgili yap\u0131lan a\u00e7\u0131klamada, Frans\u0131z Guyanas\u0131&#8217;ndaki Spaceport&#8217;dan y\u00f6netilecek olan sekizinci Vega hafif-y\u00fck f\u0131rlatma arac\u0131n\u0131n kurulumunun tamamland\u0131\u011f\u0131 belirtilerek, G\u00d6KT\u00dcRK-1 optik uydusunun bug\u00fcn ger\u00e7ekle\u015fecek olan g\u00fcne\u015f e\u015f zamanl\u0131 y\u00f6r\u00fcnge faaliyeti i\u00e7in haz\u0131rlanarak yerle\u015ftirildi\u011fi bildirildi.<\/p>\n<p><strong>Hava Kuvvetleri Komutanl\u0131\u011f\u0131 i\u00e7in y\u00fcksek \u00e7\u00f6z\u00fcn\u00fcrl\u00fckl\u00fc g\u00f6r\u00fcnt\u00fcleme<\/strong><br \/>\nG\u00d6KT\u00dcRK-\u2018in hem sivil hem de askeri uygulamalar i\u00e7in \u00e7ok y\u00fcksek \u00e7\u00f6z\u00fcn\u00fcrl\u00fckl\u00fc uydu g\u00f6r\u00fcnt\u00fcleri sa\u011flayaca\u011f\u0131 ve bu \u00f6zellikleriyle en geli\u015fmi\u015f sistemlere sahip ke\u015fif\/g\u00f6zetleme uydular\u0131 aras\u0131ndaki yerini alaca\u011f\u0131n\u0131n kaydedildi\u011fi a\u00e7\u0131klamada, \u201c25 Ekim tarihinde Felix Ebouse Havaliman\u0131na indirilerek f\u0131rlat\u0131laca\u011f\u0131 yer olan Spaceport\u2019a g\u00f6nderilen G\u00d6KT\u00dcRK-1 uydusu, 5 Aral\u0131k 2016 tarihinde T\u00fcrkiye saati ile 16:51:44\u2019te f\u0131rlat\u0131lacakt\u0131r. G\u00d6KT\u00dcRK-1 projesi; Hava Kuvvetleri Komutanl\u0131\u011f\u0131n\u0131n projesi olarak, TAI A.\u015e., ASELSAN A.\u015e., TUBITAK, UEKAE, ROKETSAN A.\u015e., TR TECNOLOGY gibi T\u00fcrk ortaklar\u0131n\u0131n kat\u0131l\u0131m\u0131 ve Thales Alenia Space sorumlulu\u011funda y\u00fcr\u00fct\u00fclm\u00fc\u015ft\u00fcr. Yak\u0131ts\u0131z olarak yakla\u015f\u0131k 1070 kg k\u00fctleye sahip olan G\u00d6KT\u00dcRK-1, y\u00fcksek \u00e7\u00f6z\u00fcn\u00fcrl\u00fckl\u00fc optik kameraya sahip olup, g\u00fcne\u015f e\u015f zamanl\u0131 y\u00f6r\u00fcngede g\u00f6rev yapacakt\u0131r\u201d denildi.<\/p>\n<p><strong>G\u00d6KT\u00dcRK-2 uydusuyla beraber T\u00fcrkiye\u2019nin uzaydaki g\u00fcc\u00fcn\u00fc art\u0131racak<\/strong><br \/>\nA\u00e7\u0131klamada, 2012 y\u0131l\u0131nda f\u0131rlat\u0131lan G\u00d6KT\u00dcRK-2\u2019den sonra ikinci askeri uydu olma \u00f6zelli\u011fini ta\u015f\u0131yan ve geli\u015ftirme, \u00fcretim ve test faaliyetlerine 19 Temmuz 2010 y\u0131l\u0131nda ba\u015flanan G\u00d6KT\u00dcRK-1 uydusunun, T\u00fcrk Silahl\u0131 Kuvvetlerinin hedef istihbarat\u0131na y\u00f6nelik ihtiyac\u0131n\u0131 co\u011frafi k\u0131s\u0131tlama olmaks\u0131z\u0131n d\u00fcnyan\u0131n her yerinden y\u00fcksek \u00e7\u00f6z\u00fcn\u00fcrl\u00fckl\u00fc uydu g\u00f6r\u00fcnt\u00fcs\u00fc ile kar\u015f\u0131layaca\u011f\u0131 bildirilerek, g\u00f6r\u00fcnt\u00fc \u00e7\u00f6z\u00fcn\u00fcrl\u00fc\u011f\u00fc ve kapasitesi, veri indirme h\u0131z\u0131, manevra kabiliyeti ve geli\u015fmi\u015f yer sistem \u00f6zellikleri ile G\u00d6KT\u00dcRK-1 uydusunun, G\u00d6KT\u00dcRK-2 uydusuyla beraber T\u00fcrkiye\u2019nin uzaydaki g\u00fcc\u00fcn\u00fc art\u0131raca\u011f\u0131 ifade edildi.<br \/>\nG\u00d6KT\u00dcRK-1 uydusunun entegrasyon ve \u00e7evresel test faaliyetlerinin, T\u00fcrk Havac\u0131l\u0131k ve Uzay Sanayi A\u015e tesislerinde kurulan T\u00fcrkiye\u2019nin ilk mill\u00ee Uzay Sistemleri Entegrasyon ve Test (USET) merkezinde ger\u00e7ekle\u015ftirildi\u011finin ifade edildi\u011fi a\u00e7\u0131klamada, y\u00f6r\u00fcnge testleri ve kabul a\u015famalar\u0131n\u0131n tamamlanmas\u0131 sonucunda envantere al\u0131nacak olan G\u00d6KT\u00dcRK-1 uydusu Hava Kuvvetleri Komutanl\u0131\u011f\u0131 b\u00fcnyesinde te\u015fkil edilmi\u015f olan Ke\u015fif Uydu Tabur Komutanl\u0131\u011f\u0131 taraf\u0131ndan komuta ve kontrol edilece\u011fi bildirildi.<\/p>\n","protected":false},"excerpt":{"rendered":"<p>G\u00d6KT\u00dcRK-1 uydusu, 5 Aral\u0131k 2016 tarihinde T\u00fcrkiye saati ile 16:51:44\u2019te f\u0131rlat\u0131l\u0131yor. TSK\u2019dan G\u00d6KT\u00dcRK-1 ile ilgili yap\u0131lan a\u00e7\u0131klamada, Frans\u0131z Guyanas\u0131&#8217;ndaki Spaceport&#8217;dan y\u00f6netilecek olan sekizinci Vega hafif-y\u00fck f\u0131rlatma arac\u0131n\u0131n kurulumunun tamamland\u0131\u011f\u0131 belirtilerek, G\u00d6KT\u00dcRK-1 optik uydusunun bug\u00fcn ger\u00e7ekle\u015fecek olan g\u00fcne\u015f e\u015f zamanl\u0131 y\u00f6r\u00fcnge faaliyeti i\u00e7in haz\u0131rlanarak yerle\u015ftirildi\u011fi bildirildi. Hava Kuvvetleri Komutanl\u0131\u011f\u0131 i\u00e7in y\u00fcksek \u00e7\u00f6z\u00fcn\u00fcrl\u00fckl\u00fc g\u00f6r\u00fcnt\u00fcleme G\u00d6KT\u00dcRK-\u2018in hem sivil [&hellip;]<\/p>\n","protected":false},"author":36,"featured_media":97571,"comment_status":"open","ping_status":"open","sticky":false,"template":"","format":"standard","meta":{"_yoast_wpseo_focuskw":"","_yoast_wpseo_title":"","_yoast_wpseo_metadesc":"","_bbp_topic_count":0,"_bbp_reply_count":0,"_bbp_total_topic_count":0,"_bbp_total_reply_count":0,"_bbp_voice_count":0,"_bbp_anonymous_reply_count":0,"_bbp_topic_count_hidden":0,"_bbp_reply_count_hidden":0,"_bbp_forum_subforum_count":0,"footnotes":"","_yoast_wpseo_focuskw_text_input":""},"categories":[1,37],"tags":[5817,5818],"yoast_head":"<!-- This site is optimized with the Yoast SEO plugin v23.0 - https:\/\/yoast.com\/wordpress\/plugins\/seo\/ -->\n<title>Bug\u00fcn G\u00f6kt\u00fcrk-1 Uydusu F\u0131rlat\u0131l\u0131yor - The Epoch Times TR<\/title>\n<meta name=\"robots\" content=\"index, follow, max-snippet:-1, max-image-preview:large, max-video-preview:-1\" \/>\n<link rel=\"canonical\" href=\"https:\/\/epochtimestr.com\/index.php\/bugun-saat-gokturk-1-uydusu-firlatiliyor\" \/>\n<meta property=\"og:locale\" content=\"tr_TR\" \/>\n<meta property=\"og:type\" content=\"article\" \/>\n<meta property=\"og:title\" content=\"Bug\u00fcn G\u00f6kt\u00fcrk-1 Uydusu F\u0131rlat\u0131l\u0131yor - The Epoch Times TR\" \/>\n<meta property=\"og:description\" content=\"G\u00d6KT\u00dcRK-1 uydusu, 5 Aral\u0131k 2016 tarihinde T\u00fcrkiye saati ile 16:51:44\u2019te f\u0131rlat\u0131l\u0131yor. TSK\u2019dan G\u00d6KT\u00dcRK-1 ile ilgili yap\u0131lan a\u00e7\u0131klamada, Frans\u0131z Guyanas\u0131&#8217;ndaki Spaceport&#8217;dan y\u00f6netilecek olan sekizinci Vega hafif-y\u00fck f\u0131rlatma arac\u0131n\u0131n kurulumunun tamamland\u0131\u011f\u0131 belirtilerek, G\u00d6KT\u00dcRK-1 optik uydusunun bug\u00fcn ger\u00e7ekle\u015fecek olan g\u00fcne\u015f e\u015f zamanl\u0131 y\u00f6r\u00fcnge faaliyeti i\u00e7in haz\u0131rlanarak yerle\u015ftirildi\u011fi bildirildi. Hava Kuvvetleri Komutanl\u0131\u011f\u0131 i\u00e7in y\u00fcksek \u00e7\u00f6z\u00fcn\u00fcrl\u00fckl\u00fc g\u00f6r\u00fcnt\u00fcleme G\u00d6KT\u00dcRK-\u2018in hem sivil [&hellip;]\" \/>\n<meta property=\"og:url\" content=\"https:\/\/epochtimestr.com\/index.php\/bugun-saat-gokturk-1-uydusu-firlatiliyor\" \/>\n<meta property=\"og:site_name\" content=\"The Epoch Times TR\" \/>\n<meta property=\"article:publisher\" content=\"https:\/\/www.facebook.com\/theepochtimestr\" \/>\n<meta property=\"article:published_time\" content=\"2016-12-05T08:14:16+00:00\" \/>\n<meta property=\"article:modified_time\" content=\"2016-12-05T10:42:02+00:00\" \/>\n<meta property=\"og:image\" content=\"https:\/\/epochtimestr.com\/wp-content\/uploads\/2011y\/1859278.jpg\" \/>\n\t<meta property=\"og:image:width\" content=\"664\" \/>\n\t<meta property=\"og:image:height\" content=\"354\" \/>\n\t<meta property=\"og:image:type\" content=\"image\/jpeg\" \/>\n<meta name=\"author\" content=\"Demet G.\" \/>\n<meta name=\"twitter:card\" content=\"summary_large_image\" \/>\n<meta name=\"twitter:creator\" content=\"@TheEpochTimesTR\" \/>\n<meta name=\"twitter:site\" content=\"@TheEpochTimesTR\" \/>\n<meta name=\"twitter:label1\" content=\"Yazan:\" \/>\n\t<meta name=\"twitter:data1\" content=\"Demet G.\" \/>\n\t<meta name=\"twitter:label2\" content=\"Tahmini okuma s\u00fcresi\" \/>\n\t<meta name=\"twitter:data2\" content=\"2 dakika\" \/>\n<script type=\"application\/ld+json\" class=\"yoast-schema-graph\">{\"@context\":\"https:\/\/schema.org\",\"@graph\":[{\"@type\":\"Article\",\"@id\":\"https:\/\/epochtimestr.com\/index.php\/bugun-saat-gokturk-1-uydusu-firlatiliyor#article\",\"isPartOf\":{\"@id\":\"https:\/\/epochtimestr.com\/index.php\/bugun-saat-gokturk-1-uydusu-firlatiliyor\"},\"author\":{\"name\":\"Demet G.\",\"@id\":\"https:\/\/epochtimestr.com\/#\/schema\/person\/d3e91bfb29b1dafeb31433870772ca2e\"},\"headline\":\"Bug\u00fcn G\u00f6kt\u00fcrk-1 Uydusu F\u0131rlat\u0131l\u0131yor\",\"datePublished\":\"2016-12-05T08:14:16+00:00\",\"dateModified\":\"2016-12-05T10:42:02+00:00\",\"mainEntityOfPage\":{\"@id\":\"https:\/\/epochtimestr.com\/index.php\/bugun-saat-gokturk-1-uydusu-firlatiliyor\"},\"wordCount\":483,\"commentCount\":0,\"publisher\":{\"@id\":\"https:\/\/epochtimestr.com\/#organization\"},\"image\":{\"@id\":\"https:\/\/epochtimestr.com\/index.php\/bugun-saat-gokturk-1-uydusu-firlatiliyor#primaryimage\"},\"thumbnailUrl\":\"https:\/\/epochtimestr.com\/wp-content\/uploads\/2011y\/1859278.jpg\",\"keywords\":[\"G\u00f6kt\u00fcrk-1\",\"T\u00fcrk Uydusu\"],\"articleSection\":[\"G\u00dcNDEM\",\"T\u00dcRK\u0130YE\"],\"inLanguage\":\"tr\",\"potentialAction\":[{\"@type\":\"CommentAction\",\"name\":\"Comment\",\"target\":[\"https:\/\/epochtimestr.com\/index.php\/bugun-saat-gokturk-1-uydusu-firlatiliyor#respond\"]}]},{\"@type\":\"WebPage\",\"@id\":\"https:\/\/epochtimestr.com\/index.php\/bugun-saat-gokturk-1-uydusu-firlatiliyor\",\"url\":\"https:\/\/epochtimestr.com\/index.php\/bugun-saat-gokturk-1-uydusu-firlatiliyor\",\"name\":\"Bug\u00fcn G\u00f6kt\u00fcrk-1 Uydusu F\u0131rlat\u0131l\u0131yor - The Epoch Times TR\",\"isPartOf\":{\"@id\":\"https:\/\/epochtimestr.com\/#website\"},\"primaryImageOfPage\":{\"@id\":\"https:\/\/epochtimestr.com\/index.php\/bugun-saat-gokturk-1-uydusu-firlatiliyor#primaryimage\"},\"image\":{\"@id\":\"https:\/\/epochtimestr.com\/index.php\/bugun-saat-gokturk-1-uydusu-firlatiliyor#primaryimage\"},\"thumbnailUrl\":\"https:\/\/epochtimestr.com\/wp-content\/uploads\/2011y\/1859278.jpg\",\"datePublished\":\"2016-12-05T08:14:16+00:00\",\"dateModified\":\"2016-12-05T10:42:02+00:00\",\"inLanguage\":\"tr\",\"potentialAction\":[{\"@type\":\"ReadAction\",\"target\":[\"https:\/\/epochtimestr.com\/index.php\/bugun-saat-gokturk-1-uydusu-firlatiliyor\"]}]},{\"@type\":\"ImageObject\",\"inLanguage\":\"tr\",\"@id\":\"https:\/\/epochtimestr.com\/index.php\/bugun-saat-gokturk-1-uydusu-firlatiliyor#primaryimage\",\"url\":\"https:\/\/epochtimestr.com\/wp-content\/uploads\/2011y\/1859278.jpg\",\"contentUrl\":\"https:\/\/epochtimestr.com\/wp-content\/uploads\/2011y\/1859278.jpg\",\"width\":664,\"height\":354,\"caption\":\"Foto\u011fraf \u0130ha\"},{\"@type\":\"WebSite\",\"@id\":\"https:\/\/epochtimestr.com\/#website\",\"url\":\"https:\/\/epochtimestr.com\/\",\"name\":\"The Epoch Times TR\",\"description\":\"De\u011fi\u015fen D\u00fcnyam\u0131za Taze Bir Bak\u0131\u015f\",\"publisher\":{\"@id\":\"https:\/\/epochtimestr.com\/#organization\"},\"potentialAction\":[{\"@type\":\"SearchAction\",\"target\":{\"@type\":\"EntryPoint\",\"urlTemplate\":\"https:\/\/epochtimestr.com\/?s={search_term_string}\"},\"query-input\":\"required name=search_term_string\"}],\"inLanguage\":\"tr\"},{\"@type\":\"Organization\",\"@id\":\"https:\/\/epochtimestr.com\/#organization\",\"name\":\"The EpochTimes T\u00fcrkiye\",\"url\":\"https:\/\/epochtimestr.com\/\",\"logo\":{\"@type\":\"ImageObject\",\"inLanguage\":\"tr\",\"@id\":\"https:\/\/epochtimestr.com\/#\/schema\/logo\/image\/\",\"url\":\"https:\/\/epochtimestr.com\/wp-content\/uploads\/2011y\/ET-Logo-YG.jpg\",\"contentUrl\":\"https:\/\/epochtimestr.com\/wp-content\/uploads\/2011y\/ET-Logo-YG.jpg\",\"width\":346,\"height\":29,\"caption\":\"The EpochTimes T\u00fcrkiye\"},\"image\":{\"@id\":\"https:\/\/epochtimestr.com\/#\/schema\/logo\/image\/\"},\"sameAs\":[\"https:\/\/www.facebook.com\/theepochtimestr\",\"https:\/\/x.com\/TheEpochTimesTR\",\"https:\/\/www.instagram.com\/epochtimestr\"]},{\"@type\":\"Person\",\"@id\":\"https:\/\/epochtimestr.com\/#\/schema\/person\/d3e91bfb29b1dafeb31433870772ca2e\",\"name\":\"Demet G.\",\"image\":{\"@type\":\"ImageObject\",\"inLanguage\":\"tr\",\"@id\":\"https:\/\/epochtimestr.com\/#\/schema\/person\/image\/\",\"url\":\"https:\/\/secure.gravatar.com\/avatar\/c55abc9a8699f910b63eba76dc9ee97a?s=96&d=mm&r=g\",\"contentUrl\":\"https:\/\/secure.gravatar.com\/avatar\/c55abc9a8699f910b63eba76dc9ee97a?s=96&d=mm&r=g\",\"caption\":\"Demet G.\"},\"url\":\"https:\/\/epochtimestr.com\/index.php\/author\/d-gokoglu\"}]}<\/script>\n<!-- \/ Yoast SEO plugin. -->","yoast_head_json":{"title":"Bug\u00fcn G\u00f6kt\u00fcrk-1 Uydusu F\u0131rlat\u0131l\u0131yor - The Epoch Times TR","robots":{"index":"index","follow":"follow","max-snippet":"max-snippet:-1","max-image-preview":"max-image-preview:large","max-video-preview":"max-video-preview:-1"},"canonical":"https:\/\/epochtimestr.com\/index.php\/bugun-saat-gokturk-1-uydusu-firlatiliyor","og_locale":"tr_TR","og_type":"article","og_title":"Bug\u00fcn G\u00f6kt\u00fcrk-1 Uydusu F\u0131rlat\u0131l\u0131yor - The Epoch Times TR","og_description":"G\u00d6KT\u00dcRK-1 uydusu, 5 Aral\u0131k 2016 tarihinde T\u00fcrkiye saati ile 16:51:44\u2019te f\u0131rlat\u0131l\u0131yor. TSK\u2019dan G\u00d6KT\u00dcRK-1 ile ilgili yap\u0131lan a\u00e7\u0131klamada, Frans\u0131z Guyanas\u0131&#8217;ndaki Spaceport&#8217;dan y\u00f6netilecek olan sekizinci Vega hafif-y\u00fck f\u0131rlatma arac\u0131n\u0131n kurulumunun tamamland\u0131\u011f\u0131 belirtilerek, G\u00d6KT\u00dcRK-1 optik uydusunun bug\u00fcn ger\u00e7ekle\u015fecek olan g\u00fcne\u015f e\u015f zamanl\u0131 y\u00f6r\u00fcnge faaliyeti i\u00e7in haz\u0131rlanarak yerle\u015ftirildi\u011fi bildirildi. Hava Kuvvetleri Komutanl\u0131\u011f\u0131 i\u00e7in y\u00fcksek \u00e7\u00f6z\u00fcn\u00fcrl\u00fckl\u00fc g\u00f6r\u00fcnt\u00fcleme G\u00d6KT\u00dcRK-\u2018in hem sivil [&hellip;]","og_url":"https:\/\/epochtimestr.com\/index.php\/bugun-saat-gokturk-1-uydusu-firlatiliyor","og_site_name":"The Epoch Times TR","article_publisher":"https:\/\/www.facebook.com\/theepochtimestr","article_published_time":"2016-12-05T08:14:16+00:00","article_modified_time":"2016-12-05T10:42:02+00:00","og_image":[{"width":664,"height":354,"url":"https:\/\/epochtimestr.com\/wp-content\/uploads\/2011y\/1859278.jpg","type":"image\/jpeg"}],"author":"Demet G.","twitter_card":"summary_large_image","twitter_creator":"@TheEpochTimesTR","twitter_site":"@TheEpochTimesTR","twitter_misc":{"Yazan:":"Demet G.","Tahmini okuma s\u00fcresi":"2 dakika"},"schema":{"@context":"https:\/\/schema.org","@graph":[{"@type":"Article","@id":"https:\/\/epochtimestr.com\/index.php\/bugun-saat-gokturk-1-uydusu-firlatiliyor#article","isPartOf":{"@id":"https:\/\/epochtimestr.com\/index.php\/bugun-saat-gokturk-1-uydusu-firlatiliyor"},"author":{"name":"Demet G.","@id":"https:\/\/epochtimestr.com\/#\/schema\/person\/d3e91bfb29b1dafeb31433870772ca2e"},"headline":"Bug\u00fcn G\u00f6kt\u00fcrk-1 Uydusu F\u0131rlat\u0131l\u0131yor","datePublished":"2016-12-05T08:14:16+00:00","dateModified":"2016-12-05T10:42:02+00:00","mainEntityOfPage":{"@id":"https:\/\/epochtimestr.com\/index.php\/bugun-saat-gokturk-1-uydusu-firlatiliyor"},"wordCount":483,"commentCount":0,"publisher":{"@id":"https:\/\/epochtimestr.com\/#organization"},"image":{"@id":"https:\/\/epochtimestr.com\/index.php\/bugun-saat-gokturk-1-uydusu-firlatiliyor#primaryimage"},"thumbnailUrl":"https:\/\/epochtimestr.com\/wp-content\/uploads\/2011y\/1859278.jpg","keywords":["G\u00f6kt\u00fcrk-1","T\u00fcrk Uydusu"],"articleSection":["G\u00dcNDEM","T\u00dcRK\u0130YE"],"inLanguage":"tr","potentialAction":[{"@type":"CommentAction","name":"Comment","target":["https:\/\/epochtimestr.com\/index.php\/bugun-saat-gokturk-1-uydusu-firlatiliyor#respond"]}]},{"@type":"WebPage","@id":"https:\/\/epochtimestr.com\/index.php\/bugun-saat-gokturk-1-uydusu-firlatiliyor","url":"https:\/\/epochtimestr.com\/index.php\/bugun-saat-gokturk-1-uydusu-firlatiliyor","name":"Bug\u00fcn G\u00f6kt\u00fcrk-1 Uydusu F\u0131rlat\u0131l\u0131yor - The Epoch Times TR","isPartOf":{"@id":"https:\/\/epochtimestr.com\/#website"},"primaryImageOfPage":{"@id":"https:\/\/epochtimestr.com\/index.php\/bugun-saat-gokturk-1-uydusu-firlatiliyor#primaryimage"},"image":{"@id":"https:\/\/epochtimestr.com\/index.php\/bugun-saat-gokturk-1-uydusu-firlatiliyor#primaryimage"},"thumbnailUrl":"https:\/\/epochtimestr.com\/wp-content\/uploads\/2011y\/1859278.jpg","datePublished":"2016-12-05T08:14:16+00:00","dateModified":"2016-12-05T10:42:02+00:00","inLanguage":"tr","potentialAction":[{"@type":"ReadAction","target":["https:\/\/epochtimestr.com\/index.php\/bugun-saat-gokturk-1-uydusu-firlatiliyor"]}]},{"@type":"ImageObject","inLanguage":"tr","@id":"https:\/\/epochtimestr.com\/index.php\/bugun-saat-gokturk-1-uydusu-firlatiliyor#primaryimage","url":"https:\/\/epochtimestr.com\/wp-content\/uploads\/2011y\/1859278.jpg","contentUrl":"https:\/\/epochtimestr.com\/wp-content\/uploads\/2011y\/1859278.jpg","width":664,"height":354,"caption":"Foto\u011fraf \u0130ha"},{"@type":"WebSite","@id":"https:\/\/epochtimestr.com\/#website","url":"https:\/\/epochtimestr.com\/","name":"The Epoch Times TR","description":"De\u011fi\u015fen D\u00fcnyam\u0131za Taze Bir Bak\u0131\u015f","publisher":{"@id":"https:\/\/epochtimestr.com\/#organization"},"potentialAction":[{"@type":"SearchAction","target":{"@type":"EntryPoint","urlTemplate":"https:\/\/epochtimestr.com\/?s={search_term_string}"},"query-input":"required name=search_term_string"}],"inLanguage":"tr"},{"@type":"Organization","@id":"https:\/\/epochtimestr.com\/#organization","name":"The EpochTimes T\u00fcrkiye","url":"https:\/\/epochtimestr.com\/","logo":{"@type":"ImageObject","inLanguage":"tr","@id":"https:\/\/epochtimestr.com\/#\/schema\/logo\/image\/","url":"https:\/\/epochtimestr.com\/wp-content\/uploads\/2011y\/ET-Logo-YG.jpg","contentUrl":"https:\/\/epochtimestr.com\/wp-content\/uploads\/2011y\/ET-Logo-YG.jpg","width":346,"height":29,"caption":"The EpochTimes T\u00fcrkiye"},"image":{"@id":"https:\/\/epochtimestr.com\/#\/schema\/logo\/image\/"},"sameAs":["https:\/\/www.facebook.com\/theepochtimestr","https:\/\/x.com\/TheEpochTimesTR","https:\/\/www.instagram.com\/epochtimestr"]},{"@type":"Person","@id":"https:\/\/epochtimestr.com\/#\/schema\/person\/d3e91bfb29b1dafeb31433870772ca2e","name":"Demet G.","image":{"@type":"ImageObject","inLanguage":"tr","@id":"https:\/\/epochtimestr.com\/#\/schema\/person\/image\/","url":"https:\/\/secure.gravatar.com\/avatar\/c55abc9a8699f910b63eba76dc9ee97a?s=96&d=mm&r=g","contentUrl":"https:\/\/secure.gravatar.com\/avatar\/c55abc9a8699f910b63eba76dc9ee97a?s=96&d=mm&r=g","caption":"Demet G."},"url":"https:\/\/epochtimestr.com\/index.php\/author\/d-gokoglu"}]}},"_links":{"self":[{"href":"https:\/\/epochtimestr.com\/index.php\/wp-json\/wp\/v2\/posts\/97570"}],"collection":[{"href":"https:\/\/epochtimestr.com\/index.php\/wp-json\/wp\/v2\/posts"}],"about":[{"href":"https:\/\/epochtimestr.com\/index.php\/wp-json\/wp\/v2\/types\/post"}],"author":[{"embeddable":true,"href":"https:\/\/epochtimestr.com\/index.php\/wp-json\/wp\/v2\/users\/36"}],"replies":[{"embeddable":true,"href":"https:\/\/epochtimestr.com\/index.php\/wp-json\/wp\/v2\/comments?post=97570"}],"version-history":[{"count":2,"href":"https:\/\/epochtimestr.com\/index.php\/wp-json\/wp\/v2\/posts\/97570\/revisions"}],"predecessor-version":[{"id":97578,"href":"https:\/\/epochtimestr.com\/index.php\/wp-json\/wp\/v2\/posts\/97570\/revisions\/97578"}],"wp:featuredmedia":[{"embeddable":true,"href":"https:\/\/epochtimestr.com\/index.php\/wp-json\/wp\/v2\/media\/97571"}],"wp:attachment":[{"href":"https:\/\/epochtimestr.com\/index.php\/wp-json\/wp\/v2\/media?parent=97570"}],"wp:term":[{"taxonomy":"category","embeddable":true,"href":"https:\/\/epochtimestr.com\/index.php\/wp-json\/wp\/v2\/categories?post=97570"},{"taxonomy":"post_tag","embeddable":true,"href":"https:\/\/epochtimestr.com\/index.php\/wp-json\/wp\/v2\/tags?post=97570"}],"curies":[{"name":"wp","href":"https:\/\/api.w.org\/{rel}","templated":true}]}}