{"id":98710,"date":"2016-12-30T14:45:38","date_gmt":"2016-12-30T11:45:38","guid":{"rendered":"http:\/\/epochtimestr.com\/?p=98710"},"modified":"2025-07-18T15:06:49","modified_gmt":"2025-07-18T12:06:49","slug":"darbecilerin-belgeleri-ele-gecirildi","status":"publish","type":"post","link":"https:\/\/epochtimestr.com\/index.php\/darbecilerin-belgeleri-ele-gecirildi","title":{"rendered":"Darbecilerin Belgeleri Ele Ge\u00e7irildi"},"content":{"rendered":"<h2 class=\"abstract\"><a href=\"https:\/\/epochtimestr.com\/index.php\/darbecilerin-belgeleri-ele-gecirildi\/darbeci\" rel=\"attachment wp-att-98711\"><img loading=\"lazy\" decoding=\"async\" class=\"aligncenter size-large wp-image-98711\" src=\"https:\/\/epochtimestr.com\/wp-content\/uploads\/2011y\/darbeci-600x320.jpg\" alt=\"darbeci\" width=\"600\" height=\"320\" srcset=\"https:\/\/epochtimestr.com\/wp-content\/uploads\/2011y\/darbeci-600x320.jpg 600w, https:\/\/epochtimestr.com\/wp-content\/uploads\/2011y\/darbeci-150x80.jpg 150w, https:\/\/epochtimestr.com\/wp-content\/uploads\/2011y\/darbeci-300x160.jpg 300w, https:\/\/epochtimestr.com\/wp-content\/uploads\/2011y\/darbeci-292x156.jpg 292w, https:\/\/epochtimestr.com\/wp-content\/uploads\/2011y\/darbeci-638x340.jpg 638w, https:\/\/epochtimestr.com\/wp-content\/uploads\/2011y\/darbeci-190x100.jpg 190w, https:\/\/epochtimestr.com\/wp-content\/uploads\/2011y\/darbeci-629x335.jpg 629w, https:\/\/epochtimestr.com\/wp-content\/uploads\/2011y\/darbeci.jpg 664w\" sizes=\"(max-width: 600px) 100vw, 600px\" \/><\/a><\/h2>\n<h2 class=\"abstract\">15 Temmuz gecesi Bursa&#8217;da ele ge\u00e7irilen belgeler, darbecilerin \u015fifresini \u00e7\u00f6zd\u00fc. \u0130\u015fte 15 Temmuz darbe giri\u015fiminde Bursa\u2019da ya\u015fananlar&#8230;<\/h2>\n<p>Bursa\u2019da 15 Temmuz darbe giri\u015fiminin ard\u0131ndan g\u00f6zalt\u0131na al\u0131nan s\u00f6zde Bursa S\u0131k\u0131y\u00f6netim Komutan\u0131 Albay Yurdakul Akku\u015f ve 15 \u015f\u00fcphelinin iddianamesi mahkeme taraf\u0131ndan kabul edildi. \u0130ddianamede Akku\u015f\u2019un \u00e7antas\u0131n\u0131n nas\u0131l bulundu\u011fu, evraklar\u0131n i\u00e7erisinde nelerin bulundu\u011fu yer ald\u0131. Ayr\u0131ca iddianamede Akku\u015f\u2019un Garnizon ve Jandarma B\u00f6lge Komutan\u0131 Seyfullah Sald\u0131k, hakk\u0131nda \u201cYa o, ya ben gidece\u011fim\u201d dedi\u011fi, Osmangazi \u0130l\u00e7e Jandarma Komutanl\u0131\u011f\u0131\u2019nda toplant\u0131 yapt\u0131\u011f\u0131 ve polisleri i\u00e7eriye al\u0131nmamas\u0131 talimat\u0131n\u0131 verdi\u011fi anlat\u0131ld\u0131. O gece Bursa&#8217;da b\u00f6lge komutan\u0131, emniyet ve savc\u0131l\u0131\u011f\u0131n \u00f6rnek i\u015fbirli\u011fi sayesinde k\u0131sa s\u00fcrede ele ge\u00e7irilen belgeler T\u00fcrkiye genelinde darbecilerin \u015fifrelerinin \u00e7\u00f6z\u00fclmesini sa\u011flad\u0131.<\/p>\n<p>15 Temmuz darbe giri\u015fiminin ard\u0131ndan T\u00fcrkiye genelinde hakk\u0131nda ilk g\u00f6zalt\u0131 karar\u0131 verilen Albay Yurdakul Akku\u015f ve 15 san\u0131\u011f\u0131n soru\u015fturmas\u0131 Cumhuriyet ba\u015fsavc\u0131l\u0131\u011f\u0131nca ge\u00e7ti\u011fimiz hafta tamamlanm\u0131\u015ft\u0131. \u015e\u00fcpheliler, \u2018Anayasal d\u00fczeni ortadan kald\u0131rmaya te\u015febb\u00fcs etme\u2019, \u2018T\u00fcrkiye B\u00fcy\u00fck Millet Meclisi, T\u00fcrkiye Cumhuriyetini H\u00fck\u00fcmetini ortadan kald\u0131rmaya ve g\u00f6revini yapmas\u0131n\u0131 engellemeye te\u015febb\u00fcs\u2019, \u2018Silahl\u0131 ter\u00f6r \u00f6rg\u00fct\u00fc kurma, y\u00f6netme, silahl\u0131 ter\u00f6r \u00f6rg\u00fct\u00fcne \u00fcye olma\u2019 su\u00e7lar\u0131ndan Bursa 8. A\u011f\u0131r Ceza Mahkemesi\u2019nde 21-22 \u015eubat 2017 tarihlerinde hakim kar\u015f\u0131s\u0131na \u00e7\u0131kacak. Tutuklu olan Albay Yurdakul Akku\u015f, Te\u011fmen Ali \u00c7i\u011fci, Ba\u015f\u00e7avu\u015f Ayhan \u015een, Ba\u015f\u00e7avu\u015f Kemal \u015eendur, Ba\u015f\u00e7avu\u015f Mustafa Ekici, Ba\u015f\u00e7avu\u015f Hac\u0131 H\u00fcseyin \u00c7elenk, \u00dcste\u011fmen Hakan Kutkan, Uzman \u00c7avu\u015f Duran Demir, Uzman \u00c7avu\u015f Ali Yasal, Uzman \u00c7avu\u015f Ertu\u011frul Y\u00fcksel, Binba\u015f\u0131 Murat Y\u0131ld\u0131r\u0131m, Ba\u015f\u00e7avu\u015f Erkan Demirtemel, Ba\u015f\u00e7avu\u015f \u0130brahim \u00c7etin ve tutuksuz yarg\u0131lanan Te\u011fmen Bilal Di\u015fbudak ve Bursa \u0130l Jandarma Alay Komutanl\u0131\u011f\u0131&#8217;nda Personel \u015eube M\u00fcd\u00fcr\u00fc olarak g\u00f6rev yapan Ali B\u00fclb\u00fcl hakk\u0131nda 3\u2019er kez a\u011f\u0131rla\u015ft\u0131r\u0131lm\u0131\u015f m\u00fcebbet ve 20 y\u0131la kadar hapis cezas\u0131 isteniyor.<\/p>\n<p><strong>Akku\u015f, ba\u015fsavc\u0131ya, \u201cBursa\u2019da herhangi bir olumsuzluk yok\u201d dedi.<\/strong><br \/>\n15 Temmuz gecesi Bursa Cumhuriyet Ba\u015fsavc\u0131s\u0131 Abdulkadir \u015eahin 23.00 s\u0131ralar\u0131nda Bursa\u2019daki geli\u015fmeleri ve son durumu sormak i\u00e7in \u0130l Jandarma Komutan\u0131 Albay Yurdakul Akku\u015f ile Garnizon ve Jandarma B\u00f6lge Komutan\u0131 Seyfullah Sald\u0131k\u2019\u0131 arad\u0131. Telefon g\u00f6r\u00fc\u015fmesinde Akku\u015f, \u015eahin\u2019e, \u201cBursa\u2019da herhangi bir olumsuzluk yok\u201d dedi. Sald\u0131k ise, \u201cAkku\u015f, s\u0131k\u0131 y\u00f6netim komutan\u0131 olarak atand\u0131. Bu sebeple y\u00f6netime el koydu\u201d dedi. Bunun \u00fczerine \u015eahin, Akku\u015f\u2019un g\u00f6zalt\u0131na al\u0131nmas\u0131 i\u00e7in gerekli talimatlar\u0131 \u0130l Emniyet M\u00fcd\u00fcrl\u00fc\u011f\u00fc\u2019ne verdi. \u0130l Emniyet M\u00fcd\u00fcr Vekili Vehbi Karada\u011f\u2019\u0131n g\u00f6revlendirdi\u011fi ekip, Akku\u015f\u2019u merkez Osmangazi il\u00e7esi Osmangazi \u0130l\u00e7e Jandarma Komutanl\u0131\u011f\u0131 hizmet binas\u0131nda 01.00 s\u0131ralar\u0131nda g\u00f6zalt\u0131na ald\u0131.<\/p>\n<div><\/div>\n<p><strong>Darbe gecesi Bursa\u2019da ya\u015fananlar iddianameye girdi<\/strong><br \/>\nDarbe gecesi Bursa\u2019da ya\u015fananlar iddianamede yer ald\u0131. Saat 22.45 s\u0131ralar\u0131nda Akku\u015f, harekat merkezini telefonla arad\u0131. Jandarma K\u0131demli Ba\u015f\u00e7avu\u015f E.\u015e., Akku\u015f\u2019a, \u201cGenel Kurmay Ba\u015fkanl\u0131\u011f\u0131\u2019ndan \u2018Hareket Y\u0131ld\u0131r\u0131m\u2019 \u00f6ncelikli 4 adet mesaj geldi\u201d dedi. Bunun \u00fczerine Akku\u015f, garnizona gelece\u011fini s\u00f6yleyerek, gelen mesajlar\u0131 kapal\u0131 bir zarfa koydu. Bir s\u00fcre sonra Akku\u015f, hareket merkezine geldi. Akku\u015f, kendisinin s\u00f6zde s\u0131k\u0131y\u00f6netim komutan\u0131 ilan edilmesinin ard\u0131ndan, t\u00fcm il\u00e7e jandarma ve jandarma karakol komutanl\u0131\u011f\u0131n\u0131n t\u00fcm personeli ile birliklerinde haz\u0131r olmas\u0131, t\u00fcm birimlerin kendi emniyetlerini almalar\u0131, birliklere kimsenin sokulmamas\u0131, 156 ihbar hatt\u0131n\u0131n kapat\u0131lmas\u0131 ve yol kontrol\u00fc ile g\u00f6revli birliklerin \u00e7ekilmeleri emretti. Ayr\u0131ca Akku\u015f, 23.00 s\u0131ralar\u0131nda Jandarma Albay H.D.&#8217;yi cep telefonundan arayarak, \u201cS\u0131k\u0131y\u00f6netim komutan\u0131 olarak atand\u0131m. Benden ba\u015fka kimseden emir alma ve il jandarma komutanl\u0131\u011f\u0131nda g\u00f6revli t\u00fcm personeli hizmet binas\u0131na en k\u0131sa s\u00fcrede \u00e7a\u011f\u0131r\u201d dedi.<\/p>\n<p><strong>\u201cYa o, ya ben gidece\u011fim\u201d<\/strong><br \/>\nDaha sonra olay yerine gelen T\u00fcmgeneral Seyfullah Sald\u0131k, Akku\u015f ile konu\u015ftu. Konu\u015fman\u0131n ard\u0131ndan Sald\u0131k, yan\u0131ndaki r\u00fctbelilerle birlik i\u00e7erisine do\u011fru ayr\u0131lmas\u0131 \u00fczerine Akku\u015f, \u201cBen s\u0131k\u0131 y\u00f6netim komutan\u0131 olarak g\u00f6revlendirildim. Yanl\u0131\u015f yap\u0131yor. Ya o gidecek, yada ben gidece\u011fim\u201d dedi. Akku\u015f, t\u00fcm personele Osmangazi \u0130l\u00e7e Jandarma Komutanl\u0131\u011f\u0131\u2019nda toplanmas\u0131 emrini verdi.<\/p>\n<p><strong>Akku\u015f\u2019un \u00e7antas\u0131 b\u00f6yle ele ge\u00e7irildi<\/strong><br \/>\n\u0130l Emniyet M\u00fcd\u00fcrl\u00fc\u011f\u00fc ekipleri, Akku\u015f\u2019un emir eri olan Ertu\u011frul Y\u00fcksel\u2019in g\u00f6zalt\u0131na al\u0131nmas\u0131 s\u0131ras\u0131nda Bir \u00e7anta ele ge\u00e7irdi. Akku\u015f\u2019a ait oldu\u011fu anla\u015f\u0131lan \u00e7antadaki 1 sar\u0131 zarf i\u00e7erisinde bir sayfa 15 Temmuz 28284 numaral\u0131 gizli ibareli Harekat Y\u0131ld\u0131r\u0131m yaz\u0131l\u0131 mesaj formu, 3 sayfa 15 Temmuz tarihli 58285 numaral\u0131 Harekat Y\u0131ld\u0131r\u0131m kodlu mesaj formu, 3 sayfa s\u0131k\u0131y\u00f6netim b\u00f6lge komutanlar\u0131 ba\u015fl\u0131kl\u0131 liste, 10 sayfal\u0131k s\u0131k\u0131y\u00f6netim mahkemeleri g\u00f6revlendirme listesi ve 8 sayfa atama listesi ele ge\u00e7irildi.<\/p>\n<p><strong>Evraklar\u0131n i\u00e7erisinde bu notlar \u00e7\u0131kt\u0131<\/strong><br \/>\n\u0130ddianamede evraklar\u0131n incelendi\u011finde i\u00e7erisinde \u00e7\u0131kan notlarda yer ald\u0131. Harekat Y\u0131ld\u0131r\u0131m yaz\u0131l\u0131 formun i\u00e7erisinde Genel Kurmay Ba\u015fkanl\u0131\u011f\u0131 taraf\u0131ndan Kara Kuvvetleri Komutanl\u0131\u011f\u0131, Deniz Kuvvetleri Komutanl\u0131\u011f\u0131, Hava Kuvvetleri Komutanl\u0131\u011f\u0131, Jandarma Genel Komutanl\u0131\u011f\u0131, Sahil G\u00fcvenlik Komutanl\u0131\u011f\u0131, \u00d6zel Kuvvetler Komutanl\u0131\u011f\u0131 ve MAGG5001\u2019e yaz\u0131ld\u0131\u011f\u0131 ve konusunun karargah sorumluluklar\u0131n\u0131n belirlenmesi oldu\u011fu iddianamede anlat\u0131ld\u0131. Harekat Y\u0131ld\u0131r\u0131m yaz\u0131l\u0131 3 sayfal\u0131k evrakta ise, s\u0131k\u0131y\u00f6netim direktifi ve kanunu oldu\u011fu bilgileri yer ald\u0131. 3 sayfal\u0131k s\u0131k\u0131y\u00f6netim b\u00f6lge komutanlar\u0131n\u0131n oldu\u011fu listede ise, Akku\u015f\u2019un Bursa s\u0131k\u0131y\u00f6netim komutan\u0131 olarak g\u00f6revlendirildi\u011fi tespit edildi. S\u0131k\u0131y\u00f6netim mahkemeleri g\u00f6revlendirme listesinde ise 413 adet askeri hakim ve savc\u0131n\u0131n mevcut g\u00f6rev yerleri ile atand\u0131klar\u0131 s\u0131k\u0131y\u00f6netim mahkemelerine atand\u0131klar\u0131 yer ald\u0131. Di\u011fer atamalar yaz\u0131l\u0131 8 sayfal\u0131k mesajda ise 450 r\u00fctbeli askerin bulunduklar\u0131 g\u00f6rev ile yeni atand\u0131klar\u0131 g\u00f6revlerin yer ald\u0131\u011f\u0131, baz\u0131lar\u0131n\u0131n merkeze \u00e7ekildi\u011fi, baz\u0131lar\u0131n r\u00fctbe g\u00f6zetmeksizin \u00fcst g\u00f6revlere getirildi\u011fi, ayn\u0131 anda ikiz g\u00f6revlendirmeler yap\u0131ld\u0131\u011f\u0131, bakanl\u0131k dahil olmak \u00fczere kamu kurum ve kurulu\u015flar\u0131na atamalar yap\u0131ld\u0131\u011f\u0131 yer ald\u0131.<\/p>\n<p><strong>Akku\u015f liderli\u011finde toplant\u0131 yap\u0131ld\u0131 iddias\u0131\u00a0<\/strong><br \/>\nT\u00fcmgeneral Seyfullah Sald\u0131k taraf\u0131ndan verilen emirlere uymayan bir k\u0131s\u0131m personelin Osmangazi \u0130l\u00e7e Jandarma Komutanl\u0131\u011f\u0131na gittikleri iddianamede yer ald\u0131. \u0130ddianamede Osmangazi \u0130l\u00e7e Jandarma Komutan Vekili Te\u011fmen Ali \u00c7i\u011fci, Uzman \u00c7avu\u015f Ertu\u011frul Y\u00fcksel, Ba\u015f\u00e7avu\u015f Kemal \u015eendur, Binba\u015f\u0131 Murat Y\u0131ld\u0131r\u0131m, Ba\u015f\u00e7avu\u015f Ayhan \u015een, Ba\u015f\u00e7avu\u015f Erkan Demirtemel, \u00dcste\u011fmen Hakan Kutkan, Ba\u015f\u00e7avu\u015f Mustafa Ekici, uzman \u00c7avu\u015f Ali Yasal, Ba\u015f\u00e7avu\u015f \u0130brahim \u00c7etin Yurtta Sulh Konseyi taraf\u0131ndan Bursa s\u0131k\u0131y\u00f6netim komutan\u0131 olarak atanan Akku\u015f \u00f6nderli\u011finde darbe giri\u015fimine ili\u015fkin toplant\u0131 yapt\u0131klar\u0131 iddias\u0131 yer ald\u0131. Aralar\u0131ndan baz\u0131 ki\u015filerin de Akku\u015f\u2019u g\u00f6zalt\u0131na almak isteyen polislere direndi\u011fi iddianamede anlat\u0131ld\u0131.<\/p>\n<p><strong>Akku\u015f polisin i\u00e7eriye al\u0131nmamas\u0131 talimat\u0131n\u0131 vermi\u015f<\/strong><br \/>\n\u0130ddianamede Bursa \u0130l Jandarma Komutanl\u0131\u011f\u0131nda g\u00f6revli Y\u00fczba\u015f\u0131 Y.G.&#8217;nin ifadeleri de yer ald\u0131. \u0130fadede Y\u00fczba\u015f\u0131 Y.G.,, \u201cYurdakul Akku\u015f\u2019un bulundu\u011fu odaya Ertu\u011frul Y\u00fcksel\u2019in y\u00f6nlendirmesi ile girdim. Burada Akku\u015f, kendisinin s\u0131k\u0131y\u00f6netim komutan\u0131 ilan edildi\u011fini, bununla ilgili personellerin atand\u0131\u011f\u0131 \u015feklinde bilgiler verdi. 5 dakika sonra Ertu\u011frul Y\u00fcksel elindeki telefonu Akku\u015f\u2019a uzatt\u0131. Akku\u015f, telefonda vali ile g\u00f6r\u00fc\u015ft\u00fckten sonra tekrar i\u00e7eriye girdi. Akku\u015f, Te\u011fmen Ali \u00c7i\u011fci\u2019ye \u201cPolis gelmesi halinde i\u00e7eri al\u0131nmamas\u0131\u201d talimat\u0131n\u0131 verdi. \u00c7i\u011fci, d\u0131\u015far\u0131ya \u00e7\u0131kt\u0131\u011f\u0131nda \u015eevket Soyer ile birlikte polislerin geldi\u011fin Akku\u015f\u2019a s\u00f6yledi. Akku\u015f, d\u0131\u015f\u0131ndaki herkes odadan \u00e7\u0131kt\u0131. Ben, \u00fcst amirimin toplanmam\u0131z konusunda a\u00e7\u0131klama yapaca\u011f\u0131n\u0131 d\u00fc\u015f\u00fcnerek oraya gittim\u201d dedi.<\/p>\n","protected":false},"excerpt":{"rendered":"<p>15 Temmuz gecesi Bursa&#8217;da ele ge\u00e7irilen belgeler, darbecilerin \u015fifresini \u00e7\u00f6zd\u00fc. \u0130\u015fte 15 Temmuz darbe giri\u015fiminde Bursa\u2019da ya\u015fananlar&#8230; Bursa\u2019da 15 Temmuz darbe giri\u015fiminin ard\u0131ndan g\u00f6zalt\u0131na al\u0131nan s\u00f6zde Bursa S\u0131k\u0131y\u00f6netim Komutan\u0131 Albay Yurdakul Akku\u015f ve 15 \u015f\u00fcphelinin iddianamesi mahkeme taraf\u0131ndan kabul edildi. \u0130ddianamede Akku\u015f\u2019un \u00e7antas\u0131n\u0131n nas\u0131l bulundu\u011fu, evraklar\u0131n i\u00e7erisinde nelerin bulundu\u011fu yer ald\u0131. Ayr\u0131ca iddianamede Akku\u015f\u2019un Garnizon [&hellip;]<\/p>\n","protected":false},"author":24,"featured_media":98711,"comment_status":"open","ping_status":"open","sticky":false,"template":"","format":"standard","meta":{"_yoast_wpseo_focuskw":"","_yoast_wpseo_title":"","_yoast_wpseo_metadesc":"","_bbp_topic_count":0,"_bbp_reply_count":0,"_bbp_total_topic_count":0,"_bbp_total_reply_count":0,"_bbp_voice_count":0,"_bbp_anonymous_reply_count":0,"_bbp_topic_count_hidden":0,"_bbp_reply_count_hidden":0,"_bbp_forum_subforum_count":0,"footnotes":"","_yoast_wpseo_focuskw_text_input":""},"categories":[1,37],"tags":[],"yoast_head":"<!-- This site is optimized with the Yoast SEO plugin v23.0 - https:\/\/yoast.com\/wordpress\/plugins\/seo\/ -->\n<title>Darbecilerin Belgeleri Ele Ge\u00e7irildi - The Epoch Times TR<\/title>\n<meta name=\"robots\" content=\"index, follow, max-snippet:-1, max-image-preview:large, max-video-preview:-1\" \/>\n<link rel=\"canonical\" href=\"https:\/\/epochtimestr.com\/index.php\/darbecilerin-belgeleri-ele-gecirildi\" \/>\n<meta property=\"og:locale\" content=\"tr_TR\" \/>\n<meta property=\"og:type\" content=\"article\" \/>\n<meta property=\"og:title\" content=\"Darbecilerin Belgeleri Ele Ge\u00e7irildi - The Epoch Times TR\" \/>\n<meta property=\"og:description\" content=\"15 Temmuz gecesi Bursa&#8217;da ele ge\u00e7irilen belgeler, darbecilerin \u015fifresini \u00e7\u00f6zd\u00fc. \u0130\u015fte 15 Temmuz darbe giri\u015fiminde Bursa\u2019da ya\u015fananlar&#8230; Bursa\u2019da 15 Temmuz darbe giri\u015fiminin ard\u0131ndan g\u00f6zalt\u0131na al\u0131nan s\u00f6zde Bursa S\u0131k\u0131y\u00f6netim Komutan\u0131 Albay Yurdakul Akku\u015f ve 15 \u015f\u00fcphelinin iddianamesi mahkeme taraf\u0131ndan kabul edildi. \u0130ddianamede Akku\u015f\u2019un \u00e7antas\u0131n\u0131n nas\u0131l bulundu\u011fu, evraklar\u0131n i\u00e7erisinde nelerin bulundu\u011fu yer ald\u0131. Ayr\u0131ca iddianamede Akku\u015f\u2019un Garnizon [&hellip;]\" \/>\n<meta property=\"og:url\" content=\"https:\/\/epochtimestr.com\/index.php\/darbecilerin-belgeleri-ele-gecirildi\" \/>\n<meta property=\"og:site_name\" content=\"The Epoch Times TR\" \/>\n<meta property=\"article:publisher\" content=\"https:\/\/www.facebook.com\/theepochtimestr\" \/>\n<meta property=\"article:published_time\" content=\"2016-12-30T11:45:38+00:00\" \/>\n<meta property=\"article:modified_time\" content=\"2025-07-18T12:06:49+00:00\" \/>\n<meta property=\"og:image\" content=\"https:\/\/epochtimestr.com\/wp-content\/uploads\/2011y\/darbeci.jpg\" \/>\n\t<meta property=\"og:image:width\" content=\"664\" \/>\n\t<meta property=\"og:image:height\" content=\"354\" \/>\n\t<meta property=\"og:image:type\" content=\"image\/jpeg\" \/>\n<meta name=\"author\" content=\"Yasemin Erdem\" \/>\n<meta name=\"twitter:card\" content=\"summary_large_image\" \/>\n<meta name=\"twitter:creator\" content=\"@TheEpochTimesTR\" \/>\n<meta name=\"twitter:site\" content=\"@TheEpochTimesTR\" \/>\n<meta name=\"twitter:label1\" content=\"Yazan:\" \/>\n\t<meta name=\"twitter:data1\" content=\"Yasemin Erdem\" \/>\n\t<meta name=\"twitter:label2\" content=\"Tahmini okuma s\u00fcresi\" \/>\n\t<meta name=\"twitter:data2\" content=\"7 dakika\" \/>\n<script type=\"application\/ld+json\" class=\"yoast-schema-graph\">{\"@context\":\"https:\/\/schema.org\",\"@graph\":[{\"@type\":\"Article\",\"@id\":\"https:\/\/epochtimestr.com\/index.php\/darbecilerin-belgeleri-ele-gecirildi#article\",\"isPartOf\":{\"@id\":\"https:\/\/epochtimestr.com\/index.php\/darbecilerin-belgeleri-ele-gecirildi\"},\"author\":{\"name\":\"Yasemin Erdem\",\"@id\":\"https:\/\/epochtimestr.com\/#\/schema\/person\/a4191798a6b3dfc5ab6197b62adba3e0\"},\"headline\":\"Darbecilerin Belgeleri Ele Ge\u00e7irildi\",\"datePublished\":\"2016-12-30T11:45:38+00:00\",\"dateModified\":\"2025-07-18T12:06:49+00:00\",\"mainEntityOfPage\":{\"@id\":\"https:\/\/epochtimestr.com\/index.php\/darbecilerin-belgeleri-ele-gecirildi\"},\"wordCount\":1347,\"commentCount\":0,\"publisher\":{\"@id\":\"https:\/\/epochtimestr.com\/#organization\"},\"image\":{\"@id\":\"https:\/\/epochtimestr.com\/index.php\/darbecilerin-belgeleri-ele-gecirildi#primaryimage\"},\"thumbnailUrl\":\"https:\/\/epochtimestr.com\/wp-content\/uploads\/2011y\/darbeci.jpg\",\"articleSection\":[\"G\u00dcNDEM\",\"T\u00dcRK\u0130YE\"],\"inLanguage\":\"tr\",\"potentialAction\":[{\"@type\":\"CommentAction\",\"name\":\"Comment\",\"target\":[\"https:\/\/epochtimestr.com\/index.php\/darbecilerin-belgeleri-ele-gecirildi#respond\"]}]},{\"@type\":\"WebPage\",\"@id\":\"https:\/\/epochtimestr.com\/index.php\/darbecilerin-belgeleri-ele-gecirildi\",\"url\":\"https:\/\/epochtimestr.com\/index.php\/darbecilerin-belgeleri-ele-gecirildi\",\"name\":\"Darbecilerin Belgeleri Ele Ge\u00e7irildi - The Epoch Times TR\",\"isPartOf\":{\"@id\":\"https:\/\/epochtimestr.com\/#website\"},\"primaryImageOfPage\":{\"@id\":\"https:\/\/epochtimestr.com\/index.php\/darbecilerin-belgeleri-ele-gecirildi#primaryimage\"},\"image\":{\"@id\":\"https:\/\/epochtimestr.com\/index.php\/darbecilerin-belgeleri-ele-gecirildi#primaryimage\"},\"thumbnailUrl\":\"https:\/\/epochtimestr.com\/wp-content\/uploads\/2011y\/darbeci.jpg\",\"datePublished\":\"2016-12-30T11:45:38+00:00\",\"dateModified\":\"2025-07-18T12:06:49+00:00\",\"inLanguage\":\"tr\",\"potentialAction\":[{\"@type\":\"ReadAction\",\"target\":[\"https:\/\/epochtimestr.com\/index.php\/darbecilerin-belgeleri-ele-gecirildi\"]}]},{\"@type\":\"ImageObject\",\"inLanguage\":\"tr\",\"@id\":\"https:\/\/epochtimestr.com\/index.php\/darbecilerin-belgeleri-ele-gecirildi#primaryimage\",\"url\":\"https:\/\/epochtimestr.com\/wp-content\/uploads\/2011y\/darbeci.jpg\",\"contentUrl\":\"https:\/\/epochtimestr.com\/wp-content\/uploads\/2011y\/darbeci.jpg\",\"width\":664,\"height\":354},{\"@type\":\"WebSite\",\"@id\":\"https:\/\/epochtimestr.com\/#website\",\"url\":\"https:\/\/epochtimestr.com\/\",\"name\":\"The Epoch Times TR\",\"description\":\"De\u011fi\u015fen D\u00fcnyam\u0131za Taze Bir Bak\u0131\u015f\",\"publisher\":{\"@id\":\"https:\/\/epochtimestr.com\/#organization\"},\"potentialAction\":[{\"@type\":\"SearchAction\",\"target\":{\"@type\":\"EntryPoint\",\"urlTemplate\":\"https:\/\/epochtimestr.com\/?s={search_term_string}\"},\"query-input\":\"required name=search_term_string\"}],\"inLanguage\":\"tr\"},{\"@type\":\"Organization\",\"@id\":\"https:\/\/epochtimestr.com\/#organization\",\"name\":\"The EpochTimes T\u00fcrkiye\",\"url\":\"https:\/\/epochtimestr.com\/\",\"logo\":{\"@type\":\"ImageObject\",\"inLanguage\":\"tr\",\"@id\":\"https:\/\/epochtimestr.com\/#\/schema\/logo\/image\/\",\"url\":\"https:\/\/epochtimestr.com\/wp-content\/uploads\/2011y\/ET-Logo-YG.jpg\",\"contentUrl\":\"https:\/\/epochtimestr.com\/wp-content\/uploads\/2011y\/ET-Logo-YG.jpg\",\"width\":346,\"height\":29,\"caption\":\"The EpochTimes T\u00fcrkiye\"},\"image\":{\"@id\":\"https:\/\/epochtimestr.com\/#\/schema\/logo\/image\/\"},\"sameAs\":[\"https:\/\/www.facebook.com\/theepochtimestr\",\"https:\/\/x.com\/TheEpochTimesTR\",\"https:\/\/www.instagram.com\/epochtimestr\"]},{\"@type\":\"Person\",\"@id\":\"https:\/\/epochtimestr.com\/#\/schema\/person\/a4191798a6b3dfc5ab6197b62adba3e0\",\"name\":\"Yasemin Erdem\",\"image\":{\"@type\":\"ImageObject\",\"inLanguage\":\"tr\",\"@id\":\"https:\/\/epochtimestr.com\/#\/schema\/person\/image\/\",\"url\":\"https:\/\/secure.gravatar.com\/avatar\/c0c9345bed3ae6748a3d8f60389f790a?s=96&d=mm&r=g\",\"contentUrl\":\"https:\/\/secure.gravatar.com\/avatar\/c0c9345bed3ae6748a3d8f60389f790a?s=96&d=mm&r=g\",\"caption\":\"Yasemin Erdem\"},\"url\":\"https:\/\/epochtimestr.com\/index.php\/author\/yasemin\"}]}<\/script>\n<!-- \/ Yoast SEO plugin. -->","yoast_head_json":{"title":"Darbecilerin Belgeleri Ele Ge\u00e7irildi - The Epoch Times TR","robots":{"index":"index","follow":"follow","max-snippet":"max-snippet:-1","max-image-preview":"max-image-preview:large","max-video-preview":"max-video-preview:-1"},"canonical":"https:\/\/epochtimestr.com\/index.php\/darbecilerin-belgeleri-ele-gecirildi","og_locale":"tr_TR","og_type":"article","og_title":"Darbecilerin Belgeleri Ele Ge\u00e7irildi - The Epoch Times TR","og_description":"15 Temmuz gecesi Bursa&#8217;da ele ge\u00e7irilen belgeler, darbecilerin \u015fifresini \u00e7\u00f6zd\u00fc. \u0130\u015fte 15 Temmuz darbe giri\u015fiminde Bursa\u2019da ya\u015fananlar&#8230; Bursa\u2019da 15 Temmuz darbe giri\u015fiminin ard\u0131ndan g\u00f6zalt\u0131na al\u0131nan s\u00f6zde Bursa S\u0131k\u0131y\u00f6netim Komutan\u0131 Albay Yurdakul Akku\u015f ve 15 \u015f\u00fcphelinin iddianamesi mahkeme taraf\u0131ndan kabul edildi. \u0130ddianamede Akku\u015f\u2019un \u00e7antas\u0131n\u0131n nas\u0131l bulundu\u011fu, evraklar\u0131n i\u00e7erisinde nelerin bulundu\u011fu yer ald\u0131. Ayr\u0131ca iddianamede Akku\u015f\u2019un Garnizon [&hellip;]","og_url":"https:\/\/epochtimestr.com\/index.php\/darbecilerin-belgeleri-ele-gecirildi","og_site_name":"The Epoch Times TR","article_publisher":"https:\/\/www.facebook.com\/theepochtimestr","article_published_time":"2016-12-30T11:45:38+00:00","article_modified_time":"2025-07-18T12:06:49+00:00","og_image":[{"width":664,"height":354,"url":"https:\/\/epochtimestr.com\/wp-content\/uploads\/2011y\/darbeci.jpg","type":"image\/jpeg"}],"author":"Yasemin Erdem","twitter_card":"summary_large_image","twitter_creator":"@TheEpochTimesTR","twitter_site":"@TheEpochTimesTR","twitter_misc":{"Yazan:":"Yasemin Erdem","Tahmini okuma s\u00fcresi":"7 dakika"},"schema":{"@context":"https:\/\/schema.org","@graph":[{"@type":"Article","@id":"https:\/\/epochtimestr.com\/index.php\/darbecilerin-belgeleri-ele-gecirildi#article","isPartOf":{"@id":"https:\/\/epochtimestr.com\/index.php\/darbecilerin-belgeleri-ele-gecirildi"},"author":{"name":"Yasemin Erdem","@id":"https:\/\/epochtimestr.com\/#\/schema\/person\/a4191798a6b3dfc5ab6197b62adba3e0"},"headline":"Darbecilerin Belgeleri Ele Ge\u00e7irildi","datePublished":"2016-12-30T11:45:38+00:00","dateModified":"2025-07-18T12:06:49+00:00","mainEntityOfPage":{"@id":"https:\/\/epochtimestr.com\/index.php\/darbecilerin-belgeleri-ele-gecirildi"},"wordCount":1347,"commentCount":0,"publisher":{"@id":"https:\/\/epochtimestr.com\/#organization"},"image":{"@id":"https:\/\/epochtimestr.com\/index.php\/darbecilerin-belgeleri-ele-gecirildi#primaryimage"},"thumbnailUrl":"https:\/\/epochtimestr.com\/wp-content\/uploads\/2011y\/darbeci.jpg","articleSection":["G\u00dcNDEM","T\u00dcRK\u0130YE"],"inLanguage":"tr","potentialAction":[{"@type":"CommentAction","name":"Comment","target":["https:\/\/epochtimestr.com\/index.php\/darbecilerin-belgeleri-ele-gecirildi#respond"]}]},{"@type":"WebPage","@id":"https:\/\/epochtimestr.com\/index.php\/darbecilerin-belgeleri-ele-gecirildi","url":"https:\/\/epochtimestr.com\/index.php\/darbecilerin-belgeleri-ele-gecirildi","name":"Darbecilerin Belgeleri Ele Ge\u00e7irildi - The Epoch Times TR","isPartOf":{"@id":"https:\/\/epochtimestr.com\/#website"},"primaryImageOfPage":{"@id":"https:\/\/epochtimestr.com\/index.php\/darbecilerin-belgeleri-ele-gecirildi#primaryimage"},"image":{"@id":"https:\/\/epochtimestr.com\/index.php\/darbecilerin-belgeleri-ele-gecirildi#primaryimage"},"thumbnailUrl":"https:\/\/epochtimestr.com\/wp-content\/uploads\/2011y\/darbeci.jpg","datePublished":"2016-12-30T11:45:38+00:00","dateModified":"2025-07-18T12:06:49+00:00","inLanguage":"tr","potentialAction":[{"@type":"ReadAction","target":["https:\/\/epochtimestr.com\/index.php\/darbecilerin-belgeleri-ele-gecirildi"]}]},{"@type":"ImageObject","inLanguage":"tr","@id":"https:\/\/epochtimestr.com\/index.php\/darbecilerin-belgeleri-ele-gecirildi#primaryimage","url":"https:\/\/epochtimestr.com\/wp-content\/uploads\/2011y\/darbeci.jpg","contentUrl":"https:\/\/epochtimestr.com\/wp-content\/uploads\/2011y\/darbeci.jpg","width":664,"height":354},{"@type":"WebSite","@id":"https:\/\/epochtimestr.com\/#website","url":"https:\/\/epochtimestr.com\/","name":"The Epoch Times TR","description":"De\u011fi\u015fen D\u00fcnyam\u0131za Taze Bir Bak\u0131\u015f","publisher":{"@id":"https:\/\/epochtimestr.com\/#organization"},"potentialAction":[{"@type":"SearchAction","target":{"@type":"EntryPoint","urlTemplate":"https:\/\/epochtimestr.com\/?s={search_term_string}"},"query-input":"required name=search_term_string"}],"inLanguage":"tr"},{"@type":"Organization","@id":"https:\/\/epochtimestr.com\/#organization","name":"The EpochTimes T\u00fcrkiye","url":"https:\/\/epochtimestr.com\/","logo":{"@type":"ImageObject","inLanguage":"tr","@id":"https:\/\/epochtimestr.com\/#\/schema\/logo\/image\/","url":"https:\/\/epochtimestr.com\/wp-content\/uploads\/2011y\/ET-Logo-YG.jpg","contentUrl":"https:\/\/epochtimestr.com\/wp-content\/uploads\/2011y\/ET-Logo-YG.jpg","width":346,"height":29,"caption":"The EpochTimes T\u00fcrkiye"},"image":{"@id":"https:\/\/epochtimestr.com\/#\/schema\/logo\/image\/"},"sameAs":["https:\/\/www.facebook.com\/theepochtimestr","https:\/\/x.com\/TheEpochTimesTR","https:\/\/www.instagram.com\/epochtimestr"]},{"@type":"Person","@id":"https:\/\/epochtimestr.com\/#\/schema\/person\/a4191798a6b3dfc5ab6197b62adba3e0","name":"Yasemin Erdem","image":{"@type":"ImageObject","inLanguage":"tr","@id":"https:\/\/epochtimestr.com\/#\/schema\/person\/image\/","url":"https:\/\/secure.gravatar.com\/avatar\/c0c9345bed3ae6748a3d8f60389f790a?s=96&d=mm&r=g","contentUrl":"https:\/\/secure.gravatar.com\/avatar\/c0c9345bed3ae6748a3d8f60389f790a?s=96&d=mm&r=g","caption":"Yasemin Erdem"},"url":"https:\/\/epochtimestr.com\/index.php\/author\/yasemin"}]}},"_links":{"self":[{"href":"https:\/\/epochtimestr.com\/index.php\/wp-json\/wp\/v2\/posts\/98710"}],"collection":[{"href":"https:\/\/epochtimestr.com\/index.php\/wp-json\/wp\/v2\/posts"}],"about":[{"href":"https:\/\/epochtimestr.com\/index.php\/wp-json\/wp\/v2\/types\/post"}],"author":[{"embeddable":true,"href":"https:\/\/epochtimestr.com\/index.php\/wp-json\/wp\/v2\/users\/24"}],"replies":[{"embeddable":true,"href":"https:\/\/epochtimestr.com\/index.php\/wp-json\/wp\/v2\/comments?post=98710"}],"version-history":[{"count":5,"href":"https:\/\/epochtimestr.com\/index.php\/wp-json\/wp\/v2\/posts\/98710\/revisions"}],"predecessor-version":[{"id":160734,"href":"https:\/\/epochtimestr.com\/index.php\/wp-json\/wp\/v2\/posts\/98710\/revisions\/160734"}],"wp:featuredmedia":[{"embeddable":true,"href":"https:\/\/epochtimestr.com\/index.php\/wp-json\/wp\/v2\/media\/98711"}],"wp:attachment":[{"href":"https:\/\/epochtimestr.com\/index.php\/wp-json\/wp\/v2\/media?parent=98710"}],"wp:term":[{"taxonomy":"category","embeddable":true,"href":"https:\/\/epochtimestr.com\/index.php\/wp-json\/wp\/v2\/categories?post=98710"},{"taxonomy":"post_tag","embeddable":true,"href":"https:\/\/epochtimestr.com\/index.php\/wp-json\/wp\/v2\/tags?post=98710"}],"curies":[{"name":"wp","href":"https:\/\/api.w.org\/{rel}","templated":true}]}}